{"id":9241,"date":"2026-08-31T13:52:45","date_gmt":"2026-08-31T13:52:45","guid":{"rendered":"https:\/\/www.quigioco.it\/blog\/?p=9241"},"modified":"2026-08-31T13:52:45","modified_gmt":"2026-08-31T13:52:45","slug":"pogacar-ricoverato-a-barcellona-il-ritorno-alle-gare-resta-unincognita","status":"publish","type":"post","link":"https:\/\/www.quigioco.it\/blog\/altri-sport\/ciclismo\/pogacar-ricoverato-a-barcellona-il-ritorno-alle-gare-resta-unincognita\/","title":{"rendered":"Pogacar ricoverato a Barcellona: il ritorno alle gare resta un\u2019incognita"},"content":{"rendered":"<h2>Pogacar ricoverato a Barcellona: il ritorno alle gare resta un\u2019incognita<\/h2>\n<p>Tadej Pogacar rimane ricoverato a Barcellona dopo la grave caduta che lo ha costretto ad abbandonare la Vuelta a Espa\u00f1a 2026. Il campione sloveno, leader della classifica generale al momento dell\u2019incidente, deve affrontare un percorso medico particolarmente delicato: oltre alla frattura scomposta della clavicola sinistra, gli esami hanno evidenziato una frattura stabile della vertebra cervicale C7 e una commozione cerebrale.<\/p>\n<p>La contemporanea presenza di pi\u00f9 traumi obbliga lo staff sanitario a procedere con estrema prudenza. Prima di sottoporre il corridore all\u2019intervento chirurgico alla clavicola, i medici dovranno infatti accertarsi che gli effetti della commozione siano completamente sotto controllo.<\/p>\n<p>Nelle ultime ore erano circolate indiscrezioni su un possibile trasferimento in Belgio, ma Pogacar si trova ancora in Catalogna. L\u2019ipotesi pi\u00f9 accreditata \u00e8 che l\u2019operazione venga eseguita a Barcellona dal professor Xavier Mir, specialista conosciuto anche nel mondo del motociclismo. La data dell\u2019intervento, per\u00f2, dipender\u00e0 dall\u2019evoluzione del quadro clinico e dal rispetto dei protocolli previsti in presenza di un trauma cranico.<\/p>\n<h2>Pogacar ricoverato a Barcellona dopo il ritiro dalla Vuelta<\/h2>\n<p>L\u2019incidente ha cambiato improvvisamente il volto della Vuelta a Espa\u00f1a. Pogacar stava controllando la corsa con un vantaggio importante e sembrava avere la possibilit\u00e0 concreta di conquistare l\u2019unico Grande Giro ancora assente dal suo palmar\u00e8s. La caduta avvenuta durante l\u2019ottava tappa ha invece interrotto la sua rincorsa alla maglia rossa.<\/p>\n<h3>La caduta che ha fermato il leader della classifica<\/h3>\n<p>Il campione sloveno \u00e8 finito violentemente a terra a poco pi\u00f9 di trenta chilometri dall\u2019arrivo della frazione con traguardo a Xeraco. Dopo l\u2019impatto ha provato inizialmente a rialzarsi, ma le sue condizioni non gli hanno permesso di ripartire.<\/p>\n<p>L\u2019intervento dei sanitari \u00e8 stato immediato. Pogacar \u00e8 stato trasportato in ambulanza in ospedale, mentre la corsa proseguiva senza il suo principale protagonista. Il ritiro ha rappresentato un evento particolarmente significativo anche dal punto di vista statistico: fino a quel momento lo sloveno non aveva mai abbandonato un Grande Giro.<\/p>\n<h3>Le condizioni del campione sloveno<\/h3>\n<p>Gli accertamenti hanno rilevato una frattura scomposta della clavicola sinistra, una frattura cervicale stabile a livello della vertebra C7, una commozione cerebrale e diverse abrasioni. Non sarebbero invece emerse conseguenze neurologiche, un elemento rassicurante all\u2019interno di un quadro comunque serio.<\/p>\n<p>La definizione di frattura \u201cstabile\u201d non significa che il problema possa essere sottovalutato. La zona cervicale \u00e8 particolarmente delicata e dovr\u00e0 essere monitorata con attenzione prima di autorizzare qualsiasi ripresa dell\u2019attivit\u00e0 fisica. Pogacar \u00e8 stato mostrato con un collare, necessario per limitare i movimenti e proteggere la parte interessata.<\/p>\n<h3>Perch\u00e9 l\u2019operazione alla clavicola \u00e8 stata rinviata<\/h3>\n<p>In condizioni differenti, una frattura scomposta della clavicola pu\u00f2 essere trattata chirurgicamente in tempi relativamente rapidi. Nel caso di Pogacar, per\u00f2, la commozione cerebrale richiede ulteriori precauzioni.<\/p>\n<p>I medici devono valutare la risposta neurologica, l\u2019eventuale presenza di sintomi persistenti e la sicurezza dell\u2019anestesia. Soltanto quando questi parametri saranno considerati soddisfacenti sar\u00e0 possibile procedere con l\u2019intervento.<\/p>\n<p>La priorit\u00e0, quindi, non \u00e8 accelerare il ritorno in bicicletta, ma garantire che l\u2019operazione venga effettuata nel momento pi\u00f9 sicuro. Una decisione definitiva potrebbe arrivare a breve, ma ogni previsione resta subordinata ai nuovi controlli.<\/p>\n<h2>Quando potr\u00e0 tornare a correre Tadej Pogacar?<\/h2>\n<p>La domanda che coinvolge appassionati, squadra e organizzatori riguarda inevitabilmente i tempi di recupero. Al momento, tuttavia, non esiste una data attendibile per il ritorno alle competizioni.<\/p>\n<p>Le caratteristiche degli infortuni rendono impossibile formulare una previsione precisa prima dell\u2019operazione e delle successive valutazioni sulla vertebra cervicale.<\/p>\n<h3>Il Mondiale di Montr\u00e9al \u00e8 sempre pi\u00f9 lontano<\/h3>\n<p>Il primo grande appuntamento nel calendario di Pogacar sarebbe stato il Campionato del mondo su strada di Montr\u00e9al. La prova in linea maschile \u00e8 prevista il 27 settembre, a meno di un mese dalla caduta.<\/p>\n<p>Il <a href=\"https:\/\/www.uci.org\/competition-hub\/2026-uci-road-world-championships\/14QBdFX8GqbCHUPE234D0Q\" target=\"_blank\" rel=\"noopener\">calendario ufficiale dell\u2019UCI<\/a> conferma che la rassegna iridata canadese si svolger\u00e0 dal 20 al 27 settembre. Considerando l\u2019intervento alla clavicola, la commozione cerebrale e la necessit\u00e0 di verificare la completa stabilizzazione della frattura cervicale, la partecipazione appare estremamente difficile.<\/p>\n<p>Anche qualora il recupero procedesse senza complicazioni, Pogacar dovrebbe tornare ad allenarsi, recuperare la condizione e sottoporsi ai test necessari per ricevere l\u2019idoneit\u00e0 agonistica. Sono passaggi che non possono essere compressi soltanto per rispettare una scadenza sportiva.<\/p>\n<h3>Europei in Slovenia: il sogno di correre in casa<\/h3>\n<p>Dopo il Mondiale, il programma dello sloveno prevedeva i Campionati europei in Slovenia. La prova avrebbe avuto un valore emotivo speciale, perch\u00e9 Pogacar avrebbe potuto correre davanti al pubblico del proprio Paese.<\/p>\n<p>Anche questo appuntamento, collocato nei primi giorni di ottobre, sembra per\u00f2 troppo vicino. Tra la gara mondiale e quella europea trascorrerebbe appena una settimana, un margine insufficiente per immaginare un cambiamento significativo delle sue condizioni.<\/p>\n<p>La federazione slovena e la UAE Team Emirates-XRG dovranno aspettare gli aggiornamenti medici prima di assumere una posizione ufficiale. In questa fase, inserire Pogacar in qualsiasi programma agonistico sarebbe prematuro.<\/p>\n<h3>Il Lombardia e l\u2019ultima possibilit\u00e0 del 2026<\/h3>\n<p>Il Giro di Lombardia rappresenterebbe l\u2019ultima occasione per rivedere Pogacar in gara durante la stagione 2026. La classica \u00e8 prevista per il 10 ottobre, ma anche questa data sembra difficilmente compatibile con un recupero completo.<\/p>\n<p>Il Lombardia non \u00e8 una gara nella quale sia possibile presentarsi senza una preparazione adeguata. Il percorso richiede resistenza, esplosivit\u00e0 in salita, capacit\u00e0 di assorbire le vibrazioni della strada e sicurezza nella guida della bicicletta. Tutti aspetti da valutare con particolare attenzione dopo una frattura alla clavicola e un trauma cervicale.<\/p>\n<p>Per questo motivo, la possibilit\u00e0 di rivederlo prima della conclusione della stagione appare molto ridotta. L\u2019eventuale partecipazione non dipender\u00e0 soltanto dalla guarigione ossea, ma anche dal recupero neurologico e dalla capacit\u00e0 di sostenere carichi di lavoro elevati senza rischi.<\/p>\n<h2>Il possibile rientro di Pogacar nel 2027<\/h2>\n<p>La prospettiva pi\u00f9 realistica potrebbe essere quella di un ritorno alle competizioni nel 2027. Non significa necessariamente che il recupero richieder\u00e0 diversi mesi, ma che la stagione 2026 \u00e8 ormai vicina alla conclusione e non offre margini sufficienti per una ripresa graduale.<\/p>\n<h3>La UAE Team Emirates non vuole fissare scadenze<\/h3>\n<p>La squadra ha scelto una linea prudente, evitando di indicare date o alimentare aspettative. Prima di elaborare un programma sar\u00e0 necessario conoscere l\u2019esito dell\u2019operazione, monitorare la vertebra C7 e verificare la scomparsa dei sintomi legati alla commozione cerebrale.<\/p>\n<p>Anche Mauro Gianetti ha invitato alla cautela. In una situazione del genere, fissare immediatamente una data per il ritorno potrebbe trasformarsi in una pressione inutile sul corridore. Le priorit\u00e0 sono la salute e il recupero completo, non la difesa di un calendario stabilito prima della caduta.<\/p>\n<h3>Recupero fisico e preparazione atletica<\/h3>\n<p>Una volta conclusa la prima fase della riabilitazione, Pogacar dovr\u00e0 recuperare mobilit\u00e0 e forza nella zona della spalla. Successivamente potr\u00e0 iniziare un lavoro leggero sui rulli, seguito gradualmente dagli allenamenti su strada.<\/p>\n<p>La frattura cervicale richieder\u00e0 controlli specifici prima di consentire l\u2019esposizione alle vibrazioni, alle sollecitazioni e ai rischi tipici del ciclismo professionistico. Anche il ritorno in gruppo dovr\u00e0 essere progressivo, perch\u00e9 pedalare da soli durante un allenamento controllato \u00e8 molto diverso dal muoversi all\u2019interno di un plotone ad alta velocit\u00e0.<\/p>\n<p>A questi aspetti si aggiunge la gestione della commozione cerebrale. Sintomi come mal di testa, stanchezza, problemi di concentrazione o maggiore sensibilit\u00e0 alla luce possono manifestarsi anche dopo diversi giorni. Lo staff medico dovr\u00e0 escludere completamente queste conseguenze prima di aumentare l\u2019intensit\u00e0 degli allenamenti.<\/p>\n<h3>Quale gara potrebbe scegliere per il debutto?<\/h3>\n<p>Nelle stagioni precedenti Pogacar non ha seguito sempre lo stesso percorso di avvicinamento alle prime gare. Dopo l\u2019esordio tra i professionisti non ha pi\u00f9 iniziato abitualmente a gennaio, preferendo debuttare tra febbraio e l\u2019inizio di marzo.<\/p>\n<p>La scelta della prima corsa del 2027 dipender\u00e0 dai tempi della riabilitazione e dalla possibilit\u00e0 di completare una preparazione invernale adeguata. Una gara a tappe di inizio stagione potrebbe offrire un rientro pi\u00f9 controllato, ma ogni ipotesi appare oggi anticipata.<\/p>\n<p>Il calendario sar\u00e0 probabilmente definito tra novembre e dicembre, quando la squadra disporr\u00e0 di informazioni pi\u00f9 chiare. Se la guarigione proceder\u00e0 regolarmente, Pogacar potr\u00e0 costruire con calma la nuova stagione. In caso contrario, il debutto verr\u00e0 rinviato senza forzature.<\/p>\n<h3>La salute viene prima di ogni obiettivo<\/h3>\n<p>Il <a href=\"https:\/\/www.quigioco.it\/scommesse\/ciclismo\">ciclismo<\/a> ha gi\u00e0 mostrato quanto possa essere pericoloso anticipare il ritorno dopo una caduta grave. Pogacar possiede qualit\u00e0 fisiche eccezionali e ha abituato il pubblico a recuperi e prestazioni fuori dal comune, ma questa volta la prudenza dovr\u00e0 prevalere.<\/p>\n<p>La frattura della clavicola, considerata singolarmente, non impedirebbe di immaginare un recupero relativamente rapido. La presenza contemporanea della frattura cervicale e della commozione cerebrale modifica per\u00f2 completamente la situazione.<\/p>\n<p>Soltanto dopo l\u2019intervento e i successivi controlli sar\u00e0 possibile capire se esiste una minima possibilit\u00e0 di rivederlo in gara nel 2026. Lo scenario pi\u00f9 credibile resta un ritorno nel 2027, senza che sia ancora possibile individuare una competizione precisa.<\/p>\n<p>Per ora Pogacar resta ricoverato a Barcellona, seguito dallo staff medico e dalla squadra. Il suo rientro continua a essere un\u2019incognita, mentre il mondo del ciclismo attende notizie positive. Prima dei Mondiali, degli Europei, delle classiche e di qualsiasi nuovo traguardo, viene la necessit\u00e0 di recuperare completamente da quello che pu\u00f2 essere considerato uno degli incidenti pi\u00f9 seri della sua carriera.<\/p>\n","protected":false},"excerpt":{"rendered":"<p>Pogacar ricoverato a Barcellona: il ritorno alle gare resta un\u2019incognita Tadej Pogacar rimane ricoverato a Barcellona dopo la grave caduta che lo ha costretto ad abbandonare la Vuelta a Espa\u00f1a&#8230;<\/p>\n","protected":false},"author":8,"featured_media":9242,"comment_status":"closed","ping_status":"closed","sticky":false,"template":"","format":"standard","meta":{"inline_featured_image":false,"footnotes":""},"categories":[301],"tags":[],"class_list":["post-9241","post","type-post","status-publish","format-standard","has-post-thumbnail","category-ciclismo"],"yoast_head":"<!-- This site is optimized with the Yoast SEO plugin v28.4 - https:\/\/yoast.com\/product\/yoast-seo-wordpress\/ -->\n<title>Pogacar ricoverato a Barcellona: rientro nel 2027?<\/title>\n<meta name=\"description\" content=\"Pogacar ricoverato a Barcellona dopo la caduta alla Vuelta: intervento rinviato, stagione a rischio e grande incertezza sui tempi del rientro.\" \/>\n<meta name=\"robots\" content=\"index, follow, max-snippet:-1, max-image-preview:large, max-video-preview:-1\" \/>\n<link rel=\"canonical\" href=\"https:\/\/www.quigioco.it\/blog\/altri-sport\/ciclismo\/pogacar-ricoverato-a-barcellona-il-ritorno-alle-gare-resta-unincognita\/\" \/>\n<meta property=\"og:locale\" content=\"it_IT\" \/>\n<meta property=\"og:type\" content=\"article\" \/>\n<meta property=\"og:title\" content=\"Pogacar ricoverato a Barcellona: rientro nel 2027?\" \/>\n<meta property=\"og:description\" content=\"Pogacar ricoverato a Barcellona dopo la caduta alla Vuelta: intervento rinviato, stagione a rischio e grande incertezza sui tempi del rientro.\" \/>\n<meta property=\"og:url\" content=\"https:\/\/www.quigioco.it\/blog\/altri-sport\/ciclismo\/pogacar-ricoverato-a-barcellona-il-ritorno-alle-gare-resta-unincognita\/\" \/>\n<meta property=\"og:site_name\" content=\"Quigioco\" \/>\n<meta property=\"article:published_time\" content=\"2026-08-31T13:52:45+00:00\" \/>\n<meta property=\"og:image\" content=\"https:\/\/www.quigioco.it\/blog\/wp-content\/uploads\/2026\/08\/pogacar-infortunio.jpg\" \/>\n\t<meta property=\"og:image:width\" content=\"1200\" \/>\n\t<meta property=\"og:image:height\" content=\"800\" \/>\n\t<meta property=\"og:image:type\" content=\"image\/jpeg\" \/>\n<meta name=\"author\" content=\"Laura\" \/>\n<meta name=\"twitter:card\" content=\"summary_large_image\" \/>\n<meta name=\"twitter:label1\" content=\"Scritto da\" \/>\n\t<meta name=\"twitter:data1\" content=\"Laura\" \/>\n\t<meta name=\"twitter:label2\" content=\"Tempo di lettura stimato\" \/>\n\t<meta name=\"twitter:data2\" content=\"9 minuti\" \/>\n<script type=\"application\/ld+json\" class=\"yoast-schema-graph\">{\"@context\":\"https:\\\/\\\/schema.org\",\"@graph\":[{\"@type\":\"Article\",\"@id\":\"https:\\\/\\\/www.quigioco.it\\\/blog\\\/altri-sport\\\/ciclismo\\\/pogacar-ricoverato-a-barcellona-il-ritorno-alle-gare-resta-unincognita\\\/#article\",\"isPartOf\":{\"@id\":\"https:\\\/\\\/www.quigioco.it\\\/blog\\\/altri-sport\\\/ciclismo\\\/pogacar-ricoverato-a-barcellona-il-ritorno-alle-gare-resta-unincognita\\\/\"},\"author\":{\"name\":\"Laura\",\"@id\":\"https:\\\/\\\/www.quigioco.it\\\/blog\\\/#\\\/schema\\\/person\\\/e0cbc0398e1bb8df6e2effa12d148a7a\"},\"headline\":\"Pogacar ricoverato a Barcellona: il ritorno alle gare resta un\u2019incognita\",\"datePublished\":\"2026-08-31T13:52:45+00:00\",\"mainEntityOfPage\":{\"@id\":\"https:\\\/\\\/www.quigioco.it\\\/blog\\\/altri-sport\\\/ciclismo\\\/pogacar-ricoverato-a-barcellona-il-ritorno-alle-gare-resta-unincognita\\\/\"},\"wordCount\":1521,\"publisher\":{\"@id\":\"https:\\\/\\\/www.quigioco.it\\\/blog\\\/#organization\"},\"image\":{\"@id\":\"https:\\\/\\\/www.quigioco.it\\\/blog\\\/altri-sport\\\/ciclismo\\\/pogacar-ricoverato-a-barcellona-il-ritorno-alle-gare-resta-unincognita\\\/#primaryimage\"},\"thumbnailUrl\":\"https:\\\/\\\/www.quigioco.it\\\/blog\\\/wp-content\\\/uploads\\\/2026\\\/08\\\/pogacar-infortunio.jpg\",\"articleSection\":[\"Ciclismo\"],\"inLanguage\":\"it-IT\"},{\"@type\":\"WebPage\",\"@id\":\"https:\\\/\\\/www.quigioco.it\\\/blog\\\/altri-sport\\\/ciclismo\\\/pogacar-ricoverato-a-barcellona-il-ritorno-alle-gare-resta-unincognita\\\/\",\"url\":\"https:\\\/\\\/www.quigioco.it\\\/blog\\\/altri-sport\\\/ciclismo\\\/pogacar-ricoverato-a-barcellona-il-ritorno-alle-gare-resta-unincognita\\\/\",\"name\":\"Pogacar ricoverato a Barcellona: rientro nel 2027?\",\"isPartOf\":{\"@id\":\"https:\\\/\\\/www.quigioco.it\\\/blog\\\/#website\"},\"primaryImageOfPage\":{\"@id\":\"https:\\\/\\\/www.quigioco.it\\\/blog\\\/altri-sport\\\/ciclismo\\\/pogacar-ricoverato-a-barcellona-il-ritorno-alle-gare-resta-unincognita\\\/#primaryimage\"},\"image\":{\"@id\":\"https:\\\/\\\/www.quigioco.it\\\/blog\\\/altri-sport\\\/ciclismo\\\/pogacar-ricoverato-a-barcellona-il-ritorno-alle-gare-resta-unincognita\\\/#primaryimage\"},\"thumbnailUrl\":\"https:\\\/\\\/www.quigioco.it\\\/blog\\\/wp-content\\\/uploads\\\/2026\\\/08\\\/pogacar-infortunio.jpg\",\"datePublished\":\"2026-08-31T13:52:45+00:00\",\"description\":\"Pogacar ricoverato a Barcellona dopo la caduta alla Vuelta: intervento rinviato, stagione a rischio e grande incertezza sui tempi del rientro.\",\"breadcrumb\":{\"@id\":\"https:\\\/\\\/www.quigioco.it\\\/blog\\\/altri-sport\\\/ciclismo\\\/pogacar-ricoverato-a-barcellona-il-ritorno-alle-gare-resta-unincognita\\\/#breadcrumb\"},\"inLanguage\":\"it-IT\",\"potentialAction\":[{\"@type\":\"ReadAction\",\"target\":[\"https:\\\/\\\/www.quigioco.it\\\/blog\\\/altri-sport\\\/ciclismo\\\/pogacar-ricoverato-a-barcellona-il-ritorno-alle-gare-resta-unincognita\\\/\"]}]},{\"@type\":\"ImageObject\",\"inLanguage\":\"it-IT\",\"@id\":\"https:\\\/\\\/www.quigioco.it\\\/blog\\\/altri-sport\\\/ciclismo\\\/pogacar-ricoverato-a-barcellona-il-ritorno-alle-gare-resta-unincognita\\\/#primaryimage\",\"url\":\"https:\\\/\\\/www.quigioco.it\\\/blog\\\/wp-content\\\/uploads\\\/2026\\\/08\\\/pogacar-infortunio.jpg\",\"contentUrl\":\"https:\\\/\\\/www.quigioco.it\\\/blog\\\/wp-content\\\/uploads\\\/2026\\\/08\\\/pogacar-infortunio.jpg\",\"width\":1200,\"height\":800,\"caption\":\"Pogacar ricoverato a Barcellona dopo la caduta alla Vuelta\"},{\"@type\":\"BreadcrumbList\",\"@id\":\"https:\\\/\\\/www.quigioco.it\\\/blog\\\/altri-sport\\\/ciclismo\\\/pogacar-ricoverato-a-barcellona-il-ritorno-alle-gare-resta-unincognita\\\/#breadcrumb\",\"itemListElement\":[{\"@type\":\"ListItem\",\"position\":1,\"name\":\"Home\",\"item\":\"https:\\\/\\\/www.quigioco.it\\\/blog\\\/\"},{\"@type\":\"ListItem\",\"position\":2,\"name\":\"Altri Sport\",\"item\":\"https:\\\/\\\/www.quigioco.it\\\/blog\\\/altri-sport\\\/\"},{\"@type\":\"ListItem\",\"position\":3,\"name\":\"Ciclismo\",\"item\":\"https:\\\/\\\/www.quigioco.it\\\/blog\\\/altri-sport\\\/ciclismo\\\/\"},{\"@type\":\"ListItem\",\"position\":4,\"name\":\"Pogacar ricoverato a Barcellona: il ritorno alle gare resta un\u2019incognita\"}]},{\"@type\":\"WebSite\",\"@id\":\"https:\\\/\\\/www.quigioco.it\\\/blog\\\/#website\",\"url\":\"https:\\\/\\\/www.quigioco.it\\\/blog\\\/\",\"name\":\"QUIGIOCO BLOG\",\"description\":\"\",\"publisher\":{\"@id\":\"https:\\\/\\\/www.quigioco.it\\\/blog\\\/#organization\"},\"potentialAction\":[{\"@type\":\"SearchAction\",\"target\":{\"@type\":\"EntryPoint\",\"urlTemplate\":\"https:\\\/\\\/www.quigioco.it\\\/blog\\\/?s={search_term_string}\"},\"query-input\":{\"@type\":\"PropertyValueSpecification\",\"valueRequired\":true,\"valueName\":\"search_term_string\"}}],\"inLanguage\":\"it-IT\"},{\"@type\":\"Organization\",\"@id\":\"https:\\\/\\\/www.quigioco.it\\\/blog\\\/#organization\",\"name\":\"Quigioco\",\"url\":\"https:\\\/\\\/www.quigioco.it\\\/blog\\\/\",\"logo\":{\"@type\":\"ImageObject\",\"inLanguage\":\"it-IT\",\"@id\":\"https:\\\/\\\/www.quigioco.it\\\/blog\\\/#\\\/schema\\\/logo\\\/image\\\/\",\"url\":\"https:\\\/\\\/www.quigioco.it\\\/blog\\\/wp-content\\\/uploads\\\/2024\\\/06\\\/logo-quigioco-blog-1.webp\",\"contentUrl\":\"https:\\\/\\\/www.quigioco.it\\\/blog\\\/wp-content\\\/uploads\\\/2024\\\/06\\\/logo-quigioco-blog-1.webp\",\"width\":750,\"height\":100,\"caption\":\"Quigioco\"},\"image\":{\"@id\":\"https:\\\/\\\/www.quigioco.it\\\/blog\\\/#\\\/schema\\\/logo\\\/image\\\/\"}},{\"@type\":\"Person\",\"@id\":\"https:\\\/\\\/www.quigioco.it\\\/blog\\\/#\\\/schema\\\/person\\\/e0cbc0398e1bb8df6e2effa12d148a7a\",\"name\":\"Laura\",\"image\":{\"@type\":\"ImageObject\",\"inLanguage\":\"it-IT\",\"@id\":\"https:\\\/\\\/secure.gravatar.com\\\/avatar\\\/59b0c22b587697546788c42e3eb3d08dba09ad80d6433aa2d62447cef9017956?s=96&d=mm&r=g\",\"url\":\"https:\\\/\\\/secure.gravatar.com\\\/avatar\\\/59b0c22b587697546788c42e3eb3d08dba09ad80d6433aa2d62447cef9017956?s=96&d=mm&r=g\",\"contentUrl\":\"https:\\\/\\\/secure.gravatar.com\\\/avatar\\\/59b0c22b587697546788c42e3eb3d08dba09ad80d6433aa2d62447cef9017956?s=96&d=mm&r=g\",\"caption\":\"Laura\"},\"url\":\"https:\\\/\\\/www.quigioco.it\\\/blog\\\/author\\\/laura\\\/\"}]}<\/script>\n<!-- \/ Yoast SEO plugin. -->","yoast_head_json":{"title":"Pogacar ricoverato a Barcellona: rientro nel 2027?","description":"Pogacar ricoverato a Barcellona dopo la caduta alla Vuelta: intervento rinviato, stagione a rischio e grande incertezza sui tempi del rientro.","robots":{"index":"index","follow":"follow","max-snippet":"max-snippet:-1","max-image-preview":"max-image-preview:large","max-video-preview":"max-video-preview:-1"},"canonical":"https:\/\/www.quigioco.it\/blog\/altri-sport\/ciclismo\/pogacar-ricoverato-a-barcellona-il-ritorno-alle-gare-resta-unincognita\/","og_locale":"it_IT","og_type":"article","og_title":"Pogacar ricoverato a Barcellona: rientro nel 2027?","og_description":"Pogacar ricoverato a Barcellona dopo la caduta alla Vuelta: intervento rinviato, stagione a rischio e grande incertezza sui tempi del rientro.","og_url":"https:\/\/www.quigioco.it\/blog\/altri-sport\/ciclismo\/pogacar-ricoverato-a-barcellona-il-ritorno-alle-gare-resta-unincognita\/","og_site_name":"Quigioco","article_published_time":"2026-08-31T13:52:45+00:00","og_image":[{"width":1200,"height":800,"url":"https:\/\/www.quigioco.it\/blog\/wp-content\/uploads\/2026\/08\/pogacar-infortunio.jpg","type":"image\/jpeg"}],"author":"Laura","twitter_card":"summary_large_image","twitter_misc":{"Scritto da":"Laura","Tempo di lettura stimato":"9 minuti"},"schema":{"@context":"https:\/\/schema.org","@graph":[{"@type":"Article","@id":"https:\/\/www.quigioco.it\/blog\/altri-sport\/ciclismo\/pogacar-ricoverato-a-barcellona-il-ritorno-alle-gare-resta-unincognita\/#article","isPartOf":{"@id":"https:\/\/www.quigioco.it\/blog\/altri-sport\/ciclismo\/pogacar-ricoverato-a-barcellona-il-ritorno-alle-gare-resta-unincognita\/"},"author":{"name":"Laura","@id":"https:\/\/www.quigioco.it\/blog\/#\/schema\/person\/e0cbc0398e1bb8df6e2effa12d148a7a"},"headline":"Pogacar ricoverato a Barcellona: il ritorno alle gare resta un\u2019incognita","datePublished":"2026-08-31T13:52:45+00:00","mainEntityOfPage":{"@id":"https:\/\/www.quigioco.it\/blog\/altri-sport\/ciclismo\/pogacar-ricoverato-a-barcellona-il-ritorno-alle-gare-resta-unincognita\/"},"wordCount":1521,"publisher":{"@id":"https:\/\/www.quigioco.it\/blog\/#organization"},"image":{"@id":"https:\/\/www.quigioco.it\/blog\/altri-sport\/ciclismo\/pogacar-ricoverato-a-barcellona-il-ritorno-alle-gare-resta-unincognita\/#primaryimage"},"thumbnailUrl":"https:\/\/www.quigioco.it\/blog\/wp-content\/uploads\/2026\/08\/pogacar-infortunio.jpg","articleSection":["Ciclismo"],"inLanguage":"it-IT"},{"@type":"WebPage","@id":"https:\/\/www.quigioco.it\/blog\/altri-sport\/ciclismo\/pogacar-ricoverato-a-barcellona-il-ritorno-alle-gare-resta-unincognita\/","url":"https:\/\/www.quigioco.it\/blog\/altri-sport\/ciclismo\/pogacar-ricoverato-a-barcellona-il-ritorno-alle-gare-resta-unincognita\/","name":"Pogacar ricoverato a Barcellona: rientro nel 2027?","isPartOf":{"@id":"https:\/\/www.quigioco.it\/blog\/#website"},"primaryImageOfPage":{"@id":"https:\/\/www.quigioco.it\/blog\/altri-sport\/ciclismo\/pogacar-ricoverato-a-barcellona-il-ritorno-alle-gare-resta-unincognita\/#primaryimage"},"image":{"@id":"https:\/\/www.quigioco.it\/blog\/altri-sport\/ciclismo\/pogacar-ricoverato-a-barcellona-il-ritorno-alle-gare-resta-unincognita\/#primaryimage"},"thumbnailUrl":"https:\/\/www.quigioco.it\/blog\/wp-content\/uploads\/2026\/08\/pogacar-infortunio.jpg","datePublished":"2026-08-31T13:52:45+00:00","description":"Pogacar ricoverato a Barcellona dopo la caduta alla Vuelta: intervento rinviato, stagione a rischio e grande incertezza sui tempi del rientro.","breadcrumb":{"@id":"https:\/\/www.quigioco.it\/blog\/altri-sport\/ciclismo\/pogacar-ricoverato-a-barcellona-il-ritorno-alle-gare-resta-unincognita\/#breadcrumb"},"inLanguage":"it-IT","potentialAction":[{"@type":"ReadAction","target":["https:\/\/www.quigioco.it\/blog\/altri-sport\/ciclismo\/pogacar-ricoverato-a-barcellona-il-ritorno-alle-gare-resta-unincognita\/"]}]},{"@type":"ImageObject","inLanguage":"it-IT","@id":"https:\/\/www.quigioco.it\/blog\/altri-sport\/ciclismo\/pogacar-ricoverato-a-barcellona-il-ritorno-alle-gare-resta-unincognita\/#primaryimage","url":"https:\/\/www.quigioco.it\/blog\/wp-content\/uploads\/2026\/08\/pogacar-infortunio.jpg","contentUrl":"https:\/\/www.quigioco.it\/blog\/wp-content\/uploads\/2026\/08\/pogacar-infortunio.jpg","width":1200,"height":800,"caption":"Pogacar ricoverato a Barcellona dopo la caduta alla Vuelta"},{"@type":"BreadcrumbList","@id":"https:\/\/www.quigioco.it\/blog\/altri-sport\/ciclismo\/pogacar-ricoverato-a-barcellona-il-ritorno-alle-gare-resta-unincognita\/#breadcrumb","itemListElement":[{"@type":"ListItem","position":1,"name":"Home","item":"https:\/\/www.quigioco.it\/blog\/"},{"@type":"ListItem","position":2,"name":"Altri Sport","item":"https:\/\/www.quigioco.it\/blog\/altri-sport\/"},{"@type":"ListItem","position":3,"name":"Ciclismo","item":"https:\/\/www.quigioco.it\/blog\/altri-sport\/ciclismo\/"},{"@type":"ListItem","position":4,"name":"Pogacar ricoverato a Barcellona: il ritorno alle gare resta un\u2019incognita"}]},{"@type":"WebSite","@id":"https:\/\/www.quigioco.it\/blog\/#website","url":"https:\/\/www.quigioco.it\/blog\/","name":"QUIGIOCO BLOG","description":"","publisher":{"@id":"https:\/\/www.quigioco.it\/blog\/#organization"},"potentialAction":[{"@type":"SearchAction","target":{"@type":"EntryPoint","urlTemplate":"https:\/\/www.quigioco.it\/blog\/?s={search_term_string}"},"query-input":{"@type":"PropertyValueSpecification","valueRequired":true,"valueName":"search_term_string"}}],"inLanguage":"it-IT"},{"@type":"Organization","@id":"https:\/\/www.quigioco.it\/blog\/#organization","name":"Quigioco","url":"https:\/\/www.quigioco.it\/blog\/","logo":{"@type":"ImageObject","inLanguage":"it-IT","@id":"https:\/\/www.quigioco.it\/blog\/#\/schema\/logo\/image\/","url":"https:\/\/www.quigioco.it\/blog\/wp-content\/uploads\/2024\/06\/logo-quigioco-blog-1.webp","contentUrl":"https:\/\/www.quigioco.it\/blog\/wp-content\/uploads\/2024\/06\/logo-quigioco-blog-1.webp","width":750,"height":100,"caption":"Quigioco"},"image":{"@id":"https:\/\/www.quigioco.it\/blog\/#\/schema\/logo\/image\/"}},{"@type":"Person","@id":"https:\/\/www.quigioco.it\/blog\/#\/schema\/person\/e0cbc0398e1bb8df6e2effa12d148a7a","name":"Laura","image":{"@type":"ImageObject","inLanguage":"it-IT","@id":"https:\/\/secure.gravatar.com\/avatar\/59b0c22b587697546788c42e3eb3d08dba09ad80d6433aa2d62447cef9017956?s=96&d=mm&r=g","url":"https:\/\/secure.gravatar.com\/avatar\/59b0c22b587697546788c42e3eb3d08dba09ad80d6433aa2d62447cef9017956?s=96&d=mm&r=g","contentUrl":"https:\/\/secure.gravatar.com\/avatar\/59b0c22b587697546788c42e3eb3d08dba09ad80d6433aa2d62447cef9017956?s=96&d=mm&r=g","caption":"Laura"},"url":"https:\/\/www.quigioco.it\/blog\/author\/laura\/"}]}},"_links":{"self":[{"href":"https:\/\/www.quigioco.it\/blog\/wp-json\/wp\/v2\/posts\/9241","targetHints":{"allow":["GET"]}}],"collection":[{"href":"https:\/\/www.quigioco.it\/blog\/wp-json\/wp\/v2\/posts"}],"about":[{"href":"https:\/\/www.quigioco.it\/blog\/wp-json\/wp\/v2\/types\/post"}],"author":[{"embeddable":true,"href":"https:\/\/www.quigioco.it\/blog\/wp-json\/wp\/v2\/users\/8"}],"replies":[{"embeddable":true,"href":"https:\/\/www.quigioco.it\/blog\/wp-json\/wp\/v2\/comments?post=9241"}],"version-history":[{"count":1,"href":"https:\/\/www.quigioco.it\/blog\/wp-json\/wp\/v2\/posts\/9241\/revisions"}],"predecessor-version":[{"id":9243,"href":"https:\/\/www.quigioco.it\/blog\/wp-json\/wp\/v2\/posts\/9241\/revisions\/9243"}],"wp:featuredmedia":[{"embeddable":true,"href":"https:\/\/www.quigioco.it\/blog\/wp-json\/wp\/v2\/media\/9242"}],"wp:attachment":[{"href":"https:\/\/www.quigioco.it\/blog\/wp-json\/wp\/v2\/media?parent=9241"}],"wp:term":[{"taxonomy":"category","embeddable":true,"href":"https:\/\/www.quigioco.it\/blog\/wp-json\/wp\/v2\/categories?post=9241"},{"taxonomy":"post_tag","embeddable":true,"href":"https:\/\/www.quigioco.it\/blog\/wp-json\/wp\/v2\/tags?post=9241"}],"curies":[{"name":"wp","href":"https:\/\/api.w.org\/{rel}","templated":true}]}}