{"id":6901,"date":"2026-01-31T10:32:05","date_gmt":"2026-01-31T10:32:05","guid":{"rendered":"https:\/\/www.quigioco.it\/blog\/?p=6901"},"modified":"2026-01-30T15:58:54","modified_gmt":"2026-01-30T15:58:54","slug":"sei-nazioni-i-28-convocati-dellitalia-ecco-la-lista-u20","status":"publish","type":"post","link":"https:\/\/www.quigioco.it\/blog\/altri-sport\/sei-nazioni-i-28-convocati-dellitalia-ecco-la-lista-u20\/","title":{"rendered":"Sei Nazioni under 20 i 28 convocati dell&#8217;Italia"},"content":{"rendered":"<p data-start=\"290\" data-end=\"801\">Il rugby italiano \u00e8 pronto a vivere una nuova emozione con la Nazionale Under 20: <strong data-start=\"372\" data-end=\"414\">Sei Nazioni i 28 convocati dell&#8217;Italia<\/strong> sono stati annunciati per il primo raduno in vista del Sei Nazioni U20 2026. Il gruppo, selezionato dal nuovo capo allenatore Andrea Di Giandomenico, comprende <strong data-start=\"575\" data-end=\"638\">quindici avanti, tredici trequarti e cinque atleti invitati<\/strong>, disegnando una squadra giovane ma gi\u00e0 competitiva in preparazione al torneo pi\u00f9 importante della stagione per la categoria.<\/p>\n<p data-start=\"803\" data-end=\"1065\">La competizione avr\u00e0 inizio venerd\u00ec 6 febbraio alle ore 20.15 contro la Scozia allo Stadio Monigo di Treviso, un match atteso con grande entusiasmo dai tifosi azzurri, che potranno seguire la partita in diretta su Sky Sport.<\/p>\n<p data-start=\"1067\" data-end=\"1436\">Il raduno ufficiale della squadra per preparare il Sei Nazioni U20 \u00e8 fissato per il 31 gennaio alla Ghirada di Treviso, dove il gruppo si riunir\u00e0 per affinare schemi, strategie e spirito di squadra. Questo momento \u00e8 fondamentale per consolidare il progetto tecnico e valutare lo stato di forma di ciascun atleta prima dell\u2019esordio.<\/p>\n<hr data-start=\"1438\" data-end=\"1441\" \/>\n<h2 data-start=\"1443\" data-end=\"1504\">Lista completa: <strong data-start=\"1462\" data-end=\"1504\">Sei Nazioni i 28 convocati dell&#8217;Italia<\/strong><\/h2>\n<p data-start=\"1506\" data-end=\"1671\">La lista ufficiale degli Azzurrini include giocatori provenienti da club italiani e stranieri, riflettendo una selezione pensata per bilanciare talento e potenziale.<\/p>\n<h3 data-start=\"1673\" data-end=\"1683\">Avanti<\/h3>\n<ul data-start=\"1685\" data-end=\"2382\">\n<li data-start=\"1685\" data-end=\"1737\">\n<p data-start=\"1687\" data-end=\"1737\"><strong data-start=\"1687\" data-end=\"1712\">Carlo Antonio Bianchi<\/strong> (Unione Rugby Firenze)<\/p>\n<\/li>\n<li data-start=\"1738\" data-end=\"1775\">\n<p data-start=\"1740\" data-end=\"1775\"><strong data-start=\"1740\" data-end=\"1758\">Gioele Boccato<\/strong> (Verona Rugby)<\/p>\n<\/li>\n<li data-start=\"1776\" data-end=\"1817\">\n<p data-start=\"1778\" data-end=\"1817\"><strong data-start=\"1778\" data-end=\"1799\">Christian Brasini<\/strong> (Livorno Rugby)<\/p>\n<\/li>\n<li data-start=\"1818\" data-end=\"1861\">\n<p data-start=\"1820\" data-end=\"1861\"><strong data-start=\"1820\" data-end=\"1838\">Ettore Dinarte<\/strong> (Valpolicella Rugby)<\/p>\n<\/li>\n<li data-start=\"1862\" data-end=\"1898\">\n<p data-start=\"1864\" data-end=\"1898\"><strong data-start=\"1864\" data-end=\"1881\">Simone Fardin<\/strong> (Rugby Casale)<\/p>\n<\/li>\n<li data-start=\"1899\" data-end=\"1938\">\n<p data-start=\"1901\" data-end=\"1938\"><strong data-start=\"1901\" data-end=\"1914\">Inza Dene<\/strong> (Piacenza Rugby Club)<\/p>\n<\/li>\n<li data-start=\"1939\" data-end=\"1978\">\n<p data-start=\"1941\" data-end=\"1978\"><strong data-start=\"1941\" data-end=\"1957\">Thomas Kurti<\/strong> (Valorugby Emilia)<\/p>\n<\/li>\n<li data-start=\"1979\" data-end=\"2026\">\n<p data-start=\"1981\" data-end=\"2026\"><strong data-start=\"1981\" data-end=\"1995\">Erik Meroi<\/strong> (Rugby Club Pasian di Prato)<\/p>\n<\/li>\n<li data-start=\"2027\" data-end=\"2066\">\n<p data-start=\"2029\" data-end=\"2066\"><strong data-start=\"2029\" data-end=\"2051\">Enoch Opoku-Gyamfi<\/strong> (Bath Rugby)<\/p>\n<\/li>\n<li data-start=\"2067\" data-end=\"2112\">\n<p data-start=\"2069\" data-end=\"2112\"><strong data-start=\"2069\" data-end=\"2086\">Valerio Pelli<\/strong> (Mogliano Veneto Rugby)<\/p>\n<\/li>\n<li data-start=\"2113\" data-end=\"2153\">\n<p data-start=\"2115\" data-end=\"2153\"><strong data-start=\"2115\" data-end=\"2132\">Antonio Reina<\/strong> (VII Rugby Torino)<\/p>\n<\/li>\n<li data-start=\"2154\" data-end=\"2202\">\n<p data-start=\"2156\" data-end=\"2202\"><strong data-start=\"2156\" data-end=\"2172\">Davide Sette<\/strong> (Rugby Experience L\u2019Aquila)<\/p>\n<\/li>\n<li data-start=\"2203\" data-end=\"2252\">\n<p data-start=\"2205\" data-end=\"2252\"><strong data-start=\"2205\" data-end=\"2225\">Marco Spreafichi<\/strong> (Benetton Rugby Treviso)<\/p>\n<\/li>\n<li data-start=\"2253\" data-end=\"2290\">\n<p data-start=\"2255\" data-end=\"2290\"><strong data-start=\"2255\" data-end=\"2272\">Leonardo Tosi<\/strong> (Livorno Rugby)<\/p>\n<\/li>\n<li data-start=\"2291\" data-end=\"2382\">\n<p data-start=\"2293\" data-end=\"2382\"><strong data-start=\"2293\" data-end=\"2315\">Jaheim Noel Wilson<\/strong> (Rugby Club Pasian di Prato)<\/p>\n<\/li>\n<\/ul>\n<h3 data-start=\"2384\" data-end=\"2397\">Trequarti<\/h3>\n<ul data-start=\"2399\" data-end=\"3022\">\n<li data-start=\"2399\" data-end=\"2452\">\n<p data-start=\"2401\" data-end=\"2452\"><strong data-start=\"2401\" data-end=\"2421\">Riccardo Casarin<\/strong> (Amatori&amp;Union Rugby Milano)<\/p>\n<\/li>\n<li data-start=\"2453\" data-end=\"2488\">\n<p data-start=\"2455\" data-end=\"2488\"><strong data-start=\"2455\" data-end=\"2470\">Pietro Celi<\/strong> (Livorno Rugby)<\/p>\n<\/li>\n<li data-start=\"2489\" data-end=\"2535\">\n<p data-start=\"2491\" data-end=\"2535\"><strong data-start=\"2491\" data-end=\"2510\">Daniele Coluzzi<\/strong> (Old Colleferro Rugby)<\/p>\n<\/li>\n<li data-start=\"2536\" data-end=\"2575\">\n<p data-start=\"2538\" data-end=\"2575\"><strong data-start=\"2538\" data-end=\"2558\">Luca De Novellis<\/strong> (Pesaro Rugby)<\/p>\n<\/li>\n<li data-start=\"2576\" data-end=\"2625\">\n<p data-start=\"2578\" data-end=\"2625\"><strong data-start=\"2578\" data-end=\"2599\">Thomas Del Sureto<\/strong> (Fiamme Oro Rugby Roma)<\/p>\n<\/li>\n<li data-start=\"2626\" data-end=\"2664\">\n<p data-start=\"2628\" data-end=\"2664\"><strong data-start=\"2628\" data-end=\"2645\">Malik Faissal<\/strong> (Rugby Parma FC)<\/p>\n<\/li>\n<li data-start=\"2665\" data-end=\"2711\">\n<p data-start=\"2667\" data-end=\"2711\"><strong data-start=\"2667\" data-end=\"2684\">Roberto Fasti<\/strong> (Benetton Rugby Treviso)<\/p>\n<\/li>\n<li data-start=\"2712\" data-end=\"2754\">\n<p data-start=\"2714\" data-end=\"2754\"><strong data-start=\"2714\" data-end=\"2730\">Tommaso Roda<\/strong> (Piacenza Rugby Club)<\/p>\n<\/li>\n<li data-start=\"2755\" data-end=\"2788\">\n<p data-start=\"2757\" data-end=\"2788\"><strong data-start=\"2757\" data-end=\"2771\">Luca Rossi<\/strong> (Pesaro Rugby)<\/p>\n<\/li>\n<li data-start=\"2789\" data-end=\"2843\">\n<p data-start=\"2791\" data-end=\"2843\"><strong data-start=\"2791\" data-end=\"2813\">Alessio Scaramazza<\/strong> (Rugby Experience L\u2019Aquila)<\/p>\n<\/li>\n<li data-start=\"2844\" data-end=\"2895\">\n<p data-start=\"2846\" data-end=\"2895\"><strong data-start=\"2846\" data-end=\"2869\">Alessandro Teodosio<\/strong> (Fiamme Oro Rugby Roma)<\/p>\n<\/li>\n<li data-start=\"2896\" data-end=\"2944\">\n<p data-start=\"2898\" data-end=\"2944\"><strong data-start=\"2898\" data-end=\"2917\">Nikolaj Varotto<\/strong> (Benetton Rugby Treviso)<\/p>\n<\/li>\n<li data-start=\"2945\" data-end=\"3022\">\n<p data-start=\"2947\" data-end=\"3022\"><strong data-start=\"2947\" data-end=\"2965\">Edoardo Vitale<\/strong> (CUS Milano Rugby)<\/p>\n<\/li>\n<\/ul>\n<h3 data-start=\"3024\" data-end=\"3043\">Atleti invitati<\/h3>\n<ul data-start=\"3045\" data-end=\"3307\">\n<li data-start=\"3045\" data-end=\"3089\">\n<p data-start=\"3047\" data-end=\"3089\"><strong data-start=\"3047\" data-end=\"3066\">Francesco Braga<\/strong> (Valpolicella Rugby)<\/p>\n<\/li>\n<li data-start=\"3090\" data-end=\"3140\">\n<p data-start=\"3092\" data-end=\"3140\"><strong data-start=\"3092\" data-end=\"3113\">Giovanni Marzotto<\/strong> (Benetton Rugby Treviso)<\/p>\n<\/li>\n<li data-start=\"3141\" data-end=\"3181\">\n<p data-start=\"3143\" data-end=\"3181\"><strong data-start=\"3143\" data-end=\"3162\">Giacomo Messori<\/strong> (Rugby Petrarca)<\/p>\n<\/li>\n<li data-start=\"3182\" data-end=\"3234\">\n<p data-start=\"3184\" data-end=\"3234\"><strong data-start=\"3184\" data-end=\"3208\">Antony Italo Miranda<\/strong> (Mogliano Veneto Rugby)<\/p>\n<\/li>\n<li data-start=\"3235\" data-end=\"3307\">\n<p data-start=\"3237\" data-end=\"3307\"><strong data-start=\"3237\" data-end=\"3254\">Luca Trevisan<\/strong> (Golden Lions)<\/p>\n<\/li>\n<\/ul>\n<hr data-start=\"3309\" data-end=\"3312\" \/>\n<h3 data-start=\"3314\" data-end=\"3371\">Sei Nazioni i 28 convocati dell&#8217;Italia: punto tattico<\/h3>\n<p data-start=\"3373\" data-end=\"3744\">La scelta di questi <strong data-start=\"3393\" data-end=\"3435\">Sei Nazioni i 28 convocati dell&#8217;Italia<\/strong> riflette l\u2019intento dello staff tecnico di mettere insieme un mix di esperienza e novit\u00e0. Anche se alcuni giocatori risultano invitati piuttosto che parte della rosa ufficiale, tutti avranno l\u2019opportunit\u00e0 di mettersi in mostra durante il raduno e le fasi di preparazione.<\/p>\n<p data-start=\"3746\" data-end=\"4048\">Una delle note di rilievo di questa convocazione \u00e8 l\u2019assenza di Edoardo Todaro: pur essendo eleggibile per l\u2019U20, il classe 2006 \u00e8 stato inserito nella lista della <strong data-start=\"3910\" data-end=\"3932\">Nazionale Maggiore<\/strong>, dove ha gi\u00e0 fatto il suo debutto contro il Cile lo scorso novembre a Genova.<\/p>\n<p data-start=\"4050\" data-end=\"4300\">La distribuzione tra avanti e trequarti \u00e8 strategica e rispecchia la filosofia di gioco del rugby moderno: una mischia solida accompagnata da ali e centri capaci di sviluppare azioni offensive veloci e dinamiche.<\/p>\n<hr data-start=\"4302\" data-end=\"4305\" \/>\n<h3 data-start=\"4307\" data-end=\"4343\">Preparazione e obiettivi azzurri<\/h3>\n<p data-start=\"4345\" data-end=\"4657\">Per gli Azzurrini, la fase di preparazione del Sei Nazioni U20 \u00e8 un banco di prova importante. Il torneo offre una <strong data-start=\"4460\" data-end=\"4503\">vetrina internazionale di primo livello<\/strong>, dove giovani talenti possono confrontarsi con pari et\u00e0 provenienti da nazioni con una lunga tradizione rugbistica.<\/p>\n<p data-start=\"4659\" data-end=\"5047\">Gli allenamenti previsti nel raduno di Treviso saranno essenziali per affinare l\u2019intesa di squadra, sia nelle fasi statiche che in quelle dinamiche. La competizione contro Scozia, Galles, Francia, Inghilterra e Irlanda rappresenter\u00e0 allora non solo una sfida tecnica ma anche un\u2019eccezionale occasione di crescita per i protagonisti di questa lista.<\/p>\n<h2 data-start=\"265\" data-end=\"338\">Sei Nazioni i 28 convocati dell&#8217;Italia: chi pu\u00f2 sorprendere nel torneo<\/h2>\n<p data-start=\"340\" data-end=\"619\">Quando si guarda la lista ufficiale di <strong data-start=\"379\" data-end=\"421\">Sei Nazioni i 28 convocati dell&#8217;Italia<\/strong>, la prima cosa che salta all\u2019occhio \u00e8 la costruzione equilibrata della rosa. Non \u00e8 una convocazione \u201ccasuale\u201d, ma un gruppo pensato per affrontare un torneo breve, intenso e senza margine d\u2019errore.<\/p>\n<p data-start=\"621\" data-end=\"935\">Nel Sei Nazioni Under 20, infatti, ogni partita \u00e8 un test immediato: il ritmo \u00e8 alto, i contatti sono duri e spesso basta un episodio per spostare completamente l\u2019inerzia del match. Per questo, la qualit\u00e0 non conta solo nei titolari, ma anche in chi entra dalla panchina e deve cambiare la partita in pochi minuti.<\/p>\n<p data-start=\"937\" data-end=\"1220\">In quest\u2019ottica, <strong data-start=\"954\" data-end=\"996\">Sei Nazioni i 28 convocati dell&#8217;Italia<\/strong> non rappresentano solo un elenco di nomi, ma un vero \u201cblocco squadra\u201d che dovr\u00e0 funzionare come un meccanismo compatto. E il lavoro principale sar\u00e0 proprio trasformare l\u2019energia del gruppo in prestazioni concrete sul campo.<\/p>\n<h3 data-start=\"1227\" data-end=\"1305\">Sei Nazioni i 28 convocati dell&#8217;Italia: la forza del gruppo e la mentalit\u00e0<\/h3>\n<p data-start=\"1307\" data-end=\"1413\">Nel rugby giovanile, il livello tecnico \u00e8 importante. Ma spesso la differenza vera la fa la <strong data-start=\"1399\" data-end=\"1412\">mentalit\u00e0<\/strong>.<\/p>\n<p data-start=\"1415\" data-end=\"1658\">Quando una squadra subisce pressione, quando perde metri o quando deve difendere per lunghi minuti vicino alla propria linea, la partita si decide su dettagli che non si leggono nelle statistiche: comunicazione, fiducia, disciplina e lucidit\u00e0.<\/p>\n<p data-start=\"1660\" data-end=\"1885\">Per questo motivo, <a href=\"https:\/\/www.quigioco.it\/scommesse\"><strong data-start=\"1679\" data-end=\"1721\">Sei Nazioni i 28 convocati dell&#8217;Italia<\/strong> dovranno dimostrare di essere un gruppo maturo<\/a>. Non baster\u00e0 avere buone individualit\u00e0: servir\u00e0 restare uniti nei momenti difficili e reagire subito dopo un errore.<\/p>\n<h3 data-start=\"5054\" data-end=\"5069\">Conclusioni<\/h3>\n<p data-start=\"5071\" data-end=\"5532\">In vista dell\u2019inizio ufficiale del torneo, gli occhi di appassionati e addetti ai lavori saranno puntati su <strong data-start=\"5179\" data-end=\"5221\">Sei Nazioni i 28 convocati dell&#8217;Italia<\/strong>, una lista che testimonia <strong data-start=\"5248\" data-end=\"5285\">l\u2019impegno e l\u2019ambizione della FIR<\/strong> nel puntare sui giovani talenti per il futuro del rugby italiano. Con un mix di esperienza, fisicit\u00e0 e agilit\u00e0, la Nazionale U20 si prepara a vivere un Sei Nazioni ricco di emozioni e sfide indimenticabili.<\/p>\n","protected":false},"excerpt":{"rendered":"<p>Il rugby italiano \u00e8 pronto a vivere una nuova emozione con la Nazionale Under 20: Sei Nazioni i 28 convocati dell&#8217;Italia sono stati annunciati per il primo raduno in vista&#8230;<\/p>\n","protected":false},"author":7,"featured_media":6902,"comment_status":"closed","ping_status":"closed","sticky":false,"template":"","format":"standard","meta":{"inline_featured_image":false,"footnotes":""},"categories":[118],"tags":[],"class_list":{"0":"post-6901","1":"post","2":"type-post","3":"status-publish","4":"format-standard","5":"has-post-thumbnail","7":"category-altri-sport"},"yoast_head":"<!-- This site is optimized with the Yoast SEO plugin v26.7 - https:\/\/yoast.com\/wordpress\/plugins\/seo\/ -->\n<title>Sei Nazioni under 20 , l&#039;elenco degli azzurri convocati<\/title>\n<meta name=\"description\" content=\"Scopri tutti i convocati per il Sei Nazioni U20 dell&#039;Italia per il torneo 2026, con dati, nomi e dettagli del raduno azzurro.\" \/>\n<meta name=\"robots\" content=\"index, follow, max-snippet:-1, max-image-preview:large, max-video-preview:-1\" \/>\n<link rel=\"canonical\" href=\"https:\/\/www.quigioco.it\/blog\/altri-sport\/sei-nazioni-i-28-convocati-dellitalia-ecco-la-lista-u20\/\" \/>\n<meta property=\"og:locale\" content=\"it_IT\" \/>\n<meta property=\"og:type\" content=\"article\" \/>\n<meta property=\"og:title\" content=\"Sei Nazioni under 20 , l&#039;elenco degli azzurri convocati\" \/>\n<meta property=\"og:description\" content=\"Scopri tutti i convocati per il Sei Nazioni U20 dell&#039;Italia per il torneo 2026, con dati, nomi e dettagli del raduno azzurro.\" \/>\n<meta property=\"og:url\" content=\"https:\/\/www.quigioco.it\/blog\/altri-sport\/sei-nazioni-i-28-convocati-dellitalia-ecco-la-lista-u20\/\" \/>\n<meta property=\"og:site_name\" content=\"Quigioco\" \/>\n<meta property=\"article:published_time\" content=\"2026-01-31T10:32:05+00:00\" \/>\n<meta property=\"og:image\" content=\"https:\/\/www.quigioco.it\/blog\/wp-content\/uploads\/2026\/01\/sei-nazioni-i-28-convocati-dell-italia-1024x683.png\" \/>\n\t<meta property=\"og:image:width\" content=\"1024\" \/>\n\t<meta property=\"og:image:height\" content=\"683\" \/>\n\t<meta property=\"og:image:type\" content=\"image\/png\" \/>\n<meta name=\"author\" content=\"Riccardo Rudi\" \/>\n<meta name=\"twitter:card\" content=\"summary_large_image\" \/>\n<meta name=\"twitter:label1\" content=\"Scritto da\" \/>\n\t<meta name=\"twitter:data1\" content=\"Riccardo Rudi\" \/>\n\t<meta name=\"twitter:label2\" content=\"Tempo di lettura stimato\" \/>\n\t<meta name=\"twitter:data2\" content=\"6 minuti\" \/>\n<script type=\"application\/ld+json\" class=\"yoast-schema-graph\">{\"@context\":\"https:\/\/schema.org\",\"@graph\":[{\"@type\":\"Article\",\"@id\":\"https:\/\/www.quigioco.it\/blog\/altri-sport\/sei-nazioni-i-28-convocati-dellitalia-ecco-la-lista-u20\/#article\",\"isPartOf\":{\"@id\":\"https:\/\/www.quigioco.it\/blog\/altri-sport\/sei-nazioni-i-28-convocati-dellitalia-ecco-la-lista-u20\/\"},\"author\":{\"name\":\"Riccardo Rudi\",\"@id\":\"https:\/\/www.quigioco.it\/blog\/#\/schema\/person\/25961932363461dc816aa1ae4145641e\"},\"headline\":\"Sei Nazioni under 20 i 28 convocati dell&#8217;Italia\",\"datePublished\":\"2026-01-31T10:32:05+00:00\",\"mainEntityOfPage\":{\"@id\":\"https:\/\/www.quigioco.it\/blog\/altri-sport\/sei-nazioni-i-28-convocati-dellitalia-ecco-la-lista-u20\/\"},\"wordCount\":907,\"publisher\":{\"@id\":\"https:\/\/www.quigioco.it\/blog\/#organization\"},\"image\":{\"@id\":\"https:\/\/www.quigioco.it\/blog\/altri-sport\/sei-nazioni-i-28-convocati-dellitalia-ecco-la-lista-u20\/#primaryimage\"},\"thumbnailUrl\":\"https:\/\/www.quigioco.it\/blog\/wp-content\/uploads\/2026\/01\/sei-nazioni-i-28-convocati-dell-italia.png\",\"articleSection\":[\"Altri Sport\"],\"inLanguage\":\"it-IT\"},{\"@type\":\"WebPage\",\"@id\":\"https:\/\/www.quigioco.it\/blog\/altri-sport\/sei-nazioni-i-28-convocati-dellitalia-ecco-la-lista-u20\/\",\"url\":\"https:\/\/www.quigioco.it\/blog\/altri-sport\/sei-nazioni-i-28-convocati-dellitalia-ecco-la-lista-u20\/\",\"name\":\"Sei Nazioni under 20 , l'elenco degli azzurri convocati\",\"isPartOf\":{\"@id\":\"https:\/\/www.quigioco.it\/blog\/#website\"},\"primaryImageOfPage\":{\"@id\":\"https:\/\/www.quigioco.it\/blog\/altri-sport\/sei-nazioni-i-28-convocati-dellitalia-ecco-la-lista-u20\/#primaryimage\"},\"image\":{\"@id\":\"https:\/\/www.quigioco.it\/blog\/altri-sport\/sei-nazioni-i-28-convocati-dellitalia-ecco-la-lista-u20\/#primaryimage\"},\"thumbnailUrl\":\"https:\/\/www.quigioco.it\/blog\/wp-content\/uploads\/2026\/01\/sei-nazioni-i-28-convocati-dell-italia.png\",\"datePublished\":\"2026-01-31T10:32:05+00:00\",\"description\":\"Scopri tutti i convocati per il Sei Nazioni U20 dell'Italia per il torneo 2026, con dati, nomi e dettagli del raduno azzurro.\",\"breadcrumb\":{\"@id\":\"https:\/\/www.quigioco.it\/blog\/altri-sport\/sei-nazioni-i-28-convocati-dellitalia-ecco-la-lista-u20\/#breadcrumb\"},\"inLanguage\":\"it-IT\",\"potentialAction\":[{\"@type\":\"ReadAction\",\"target\":[\"https:\/\/www.quigioco.it\/blog\/altri-sport\/sei-nazioni-i-28-convocati-dellitalia-ecco-la-lista-u20\/\"]}]},{\"@type\":\"ImageObject\",\"inLanguage\":\"it-IT\",\"@id\":\"https:\/\/www.quigioco.it\/blog\/altri-sport\/sei-nazioni-i-28-convocati-dellitalia-ecco-la-lista-u20\/#primaryimage\",\"url\":\"https:\/\/www.quigioco.it\/blog\/wp-content\/uploads\/2026\/01\/sei-nazioni-i-28-convocati-dell-italia.png\",\"contentUrl\":\"https:\/\/www.quigioco.it\/blog\/wp-content\/uploads\/2026\/01\/sei-nazioni-i-28-convocati-dell-italia.png\",\"width\":1536,\"height\":1024,\"caption\":\"Sei Nazioni i 28 convocati dell'Italia: gli Azzurrini di spalle, pronti a scendere in campo con grinta e compattezza.\"},{\"@type\":\"BreadcrumbList\",\"@id\":\"https:\/\/www.quigioco.it\/blog\/altri-sport\/sei-nazioni-i-28-convocati-dellitalia-ecco-la-lista-u20\/#breadcrumb\",\"itemListElement\":[{\"@type\":\"ListItem\",\"position\":1,\"name\":\"Home\",\"item\":\"https:\/\/www.quigioco.it\/blog\/\"},{\"@type\":\"ListItem\",\"position\":2,\"name\":\"Altri Sport\",\"item\":\"https:\/\/www.quigioco.it\/blog\/altri-sport\/\"},{\"@type\":\"ListItem\",\"position\":3,\"name\":\"Sei Nazioni under 20 i 28 convocati dell&#8217;Italia\"}]},{\"@type\":\"WebSite\",\"@id\":\"https:\/\/www.quigioco.it\/blog\/#website\",\"url\":\"https:\/\/www.quigioco.it\/blog\/\",\"name\":\"QUIGIOCO_BLOG\",\"description\":\"\",\"publisher\":{\"@id\":\"https:\/\/www.quigioco.it\/blog\/#organization\"},\"potentialAction\":[{\"@type\":\"SearchAction\",\"target\":{\"@type\":\"EntryPoint\",\"urlTemplate\":\"https:\/\/www.quigioco.it\/blog\/?s={search_term_string}\"},\"query-input\":{\"@type\":\"PropertyValueSpecification\",\"valueRequired\":true,\"valueName\":\"search_term_string\"}}],\"inLanguage\":\"it-IT\"},{\"@type\":\"Organization\",\"@id\":\"https:\/\/www.quigioco.it\/blog\/#organization\",\"name\":\"Quigioco\",\"url\":\"https:\/\/www.quigioco.it\/blog\/\",\"logo\":{\"@type\":\"ImageObject\",\"inLanguage\":\"it-IT\",\"@id\":\"https:\/\/www.quigioco.it\/blog\/#\/schema\/logo\/image\/\",\"url\":\"https:\/\/www.quigioco.it\/blog\/wp-content\/uploads\/2024\/06\/logo-quigioco-blog-1.webp\",\"contentUrl\":\"https:\/\/www.quigioco.it\/blog\/wp-content\/uploads\/2024\/06\/logo-quigioco-blog-1.webp\",\"width\":750,\"height\":100,\"caption\":\"Quigioco\"},\"image\":{\"@id\":\"https:\/\/www.quigioco.it\/blog\/#\/schema\/logo\/image\/\"}},{\"@type\":\"Person\",\"@id\":\"https:\/\/www.quigioco.it\/blog\/#\/schema\/person\/25961932363461dc816aa1ae4145641e\",\"name\":\"Riccardo Rudi\",\"image\":{\"@type\":\"ImageObject\",\"inLanguage\":\"it-IT\",\"@id\":\"https:\/\/www.quigioco.it\/blog\/#\/schema\/person\/image\/\",\"url\":\"https:\/\/secure.gravatar.com\/avatar\/866cb66eef1ba5270bbf99d8c398f57d3e7d639acd2680699c1f16f9332ad45e?s=96&d=mm&r=g\",\"contentUrl\":\"https:\/\/secure.gravatar.com\/avatar\/866cb66eef1ba5270bbf99d8c398f57d3e7d639acd2680699c1f16f9332ad45e?s=96&d=mm&r=g\",\"caption\":\"Riccardo Rudi\"}}]}<\/script>\n<!-- \/ Yoast SEO plugin. -->","yoast_head_json":{"title":"Sei Nazioni under 20 , l'elenco degli azzurri convocati","description":"Scopri tutti i convocati per il Sei Nazioni U20 dell'Italia per il torneo 2026, con dati, nomi e dettagli del raduno azzurro.","robots":{"index":"index","follow":"follow","max-snippet":"max-snippet:-1","max-image-preview":"max-image-preview:large","max-video-preview":"max-video-preview:-1"},"canonical":"https:\/\/www.quigioco.it\/blog\/altri-sport\/sei-nazioni-i-28-convocati-dellitalia-ecco-la-lista-u20\/","og_locale":"it_IT","og_type":"article","og_title":"Sei Nazioni under 20 , l'elenco degli azzurri convocati","og_description":"Scopri tutti i convocati per il Sei Nazioni U20 dell'Italia per il torneo 2026, con dati, nomi e dettagli del raduno azzurro.","og_url":"https:\/\/www.quigioco.it\/blog\/altri-sport\/sei-nazioni-i-28-convocati-dellitalia-ecco-la-lista-u20\/","og_site_name":"Quigioco","article_published_time":"2026-01-31T10:32:05+00:00","og_image":[{"width":1024,"height":683,"url":"https:\/\/www.quigioco.it\/blog\/wp-content\/uploads\/2026\/01\/sei-nazioni-i-28-convocati-dell-italia-1024x683.png","type":"image\/png"}],"author":"Riccardo Rudi","twitter_card":"summary_large_image","twitter_misc":{"Scritto da":"Riccardo Rudi","Tempo di lettura stimato":"6 minuti"},"schema":{"@context":"https:\/\/schema.org","@graph":[{"@type":"Article","@id":"https:\/\/www.quigioco.it\/blog\/altri-sport\/sei-nazioni-i-28-convocati-dellitalia-ecco-la-lista-u20\/#article","isPartOf":{"@id":"https:\/\/www.quigioco.it\/blog\/altri-sport\/sei-nazioni-i-28-convocati-dellitalia-ecco-la-lista-u20\/"},"author":{"name":"Riccardo Rudi","@id":"https:\/\/www.quigioco.it\/blog\/#\/schema\/person\/25961932363461dc816aa1ae4145641e"},"headline":"Sei Nazioni under 20 i 28 convocati dell&#8217;Italia","datePublished":"2026-01-31T10:32:05+00:00","mainEntityOfPage":{"@id":"https:\/\/www.quigioco.it\/blog\/altri-sport\/sei-nazioni-i-28-convocati-dellitalia-ecco-la-lista-u20\/"},"wordCount":907,"publisher":{"@id":"https:\/\/www.quigioco.it\/blog\/#organization"},"image":{"@id":"https:\/\/www.quigioco.it\/blog\/altri-sport\/sei-nazioni-i-28-convocati-dellitalia-ecco-la-lista-u20\/#primaryimage"},"thumbnailUrl":"https:\/\/www.quigioco.it\/blog\/wp-content\/uploads\/2026\/01\/sei-nazioni-i-28-convocati-dell-italia.png","articleSection":["Altri Sport"],"inLanguage":"it-IT"},{"@type":"WebPage","@id":"https:\/\/www.quigioco.it\/blog\/altri-sport\/sei-nazioni-i-28-convocati-dellitalia-ecco-la-lista-u20\/","url":"https:\/\/www.quigioco.it\/blog\/altri-sport\/sei-nazioni-i-28-convocati-dellitalia-ecco-la-lista-u20\/","name":"Sei Nazioni under 20 , l'elenco degli azzurri convocati","isPartOf":{"@id":"https:\/\/www.quigioco.it\/blog\/#website"},"primaryImageOfPage":{"@id":"https:\/\/www.quigioco.it\/blog\/altri-sport\/sei-nazioni-i-28-convocati-dellitalia-ecco-la-lista-u20\/#primaryimage"},"image":{"@id":"https:\/\/www.quigioco.it\/blog\/altri-sport\/sei-nazioni-i-28-convocati-dellitalia-ecco-la-lista-u20\/#primaryimage"},"thumbnailUrl":"https:\/\/www.quigioco.it\/blog\/wp-content\/uploads\/2026\/01\/sei-nazioni-i-28-convocati-dell-italia.png","datePublished":"2026-01-31T10:32:05+00:00","description":"Scopri tutti i convocati per il Sei Nazioni U20 dell'Italia per il torneo 2026, con dati, nomi e dettagli del raduno azzurro.","breadcrumb":{"@id":"https:\/\/www.quigioco.it\/blog\/altri-sport\/sei-nazioni-i-28-convocati-dellitalia-ecco-la-lista-u20\/#breadcrumb"},"inLanguage":"it-IT","potentialAction":[{"@type":"ReadAction","target":["https:\/\/www.quigioco.it\/blog\/altri-sport\/sei-nazioni-i-28-convocati-dellitalia-ecco-la-lista-u20\/"]}]},{"@type":"ImageObject","inLanguage":"it-IT","@id":"https:\/\/www.quigioco.it\/blog\/altri-sport\/sei-nazioni-i-28-convocati-dellitalia-ecco-la-lista-u20\/#primaryimage","url":"https:\/\/www.quigioco.it\/blog\/wp-content\/uploads\/2026\/01\/sei-nazioni-i-28-convocati-dell-italia.png","contentUrl":"https:\/\/www.quigioco.it\/blog\/wp-content\/uploads\/2026\/01\/sei-nazioni-i-28-convocati-dell-italia.png","width":1536,"height":1024,"caption":"Sei Nazioni i 28 convocati dell'Italia: gli Azzurrini di spalle, pronti a scendere in campo con grinta e compattezza."},{"@type":"BreadcrumbList","@id":"https:\/\/www.quigioco.it\/blog\/altri-sport\/sei-nazioni-i-28-convocati-dellitalia-ecco-la-lista-u20\/#breadcrumb","itemListElement":[{"@type":"ListItem","position":1,"name":"Home","item":"https:\/\/www.quigioco.it\/blog\/"},{"@type":"ListItem","position":2,"name":"Altri Sport","item":"https:\/\/www.quigioco.it\/blog\/altri-sport\/"},{"@type":"ListItem","position":3,"name":"Sei Nazioni under 20 i 28 convocati dell&#8217;Italia"}]},{"@type":"WebSite","@id":"https:\/\/www.quigioco.it\/blog\/#website","url":"https:\/\/www.quigioco.it\/blog\/","name":"QUIGIOCO_BLOG","description":"","publisher":{"@id":"https:\/\/www.quigioco.it\/blog\/#organization"},"potentialAction":[{"@type":"SearchAction","target":{"@type":"EntryPoint","urlTemplate":"https:\/\/www.quigioco.it\/blog\/?s={search_term_string}"},"query-input":{"@type":"PropertyValueSpecification","valueRequired":true,"valueName":"search_term_string"}}],"inLanguage":"it-IT"},{"@type":"Organization","@id":"https:\/\/www.quigioco.it\/blog\/#organization","name":"Quigioco","url":"https:\/\/www.quigioco.it\/blog\/","logo":{"@type":"ImageObject","inLanguage":"it-IT","@id":"https:\/\/www.quigioco.it\/blog\/#\/schema\/logo\/image\/","url":"https:\/\/www.quigioco.it\/blog\/wp-content\/uploads\/2024\/06\/logo-quigioco-blog-1.webp","contentUrl":"https:\/\/www.quigioco.it\/blog\/wp-content\/uploads\/2024\/06\/logo-quigioco-blog-1.webp","width":750,"height":100,"caption":"Quigioco"},"image":{"@id":"https:\/\/www.quigioco.it\/blog\/#\/schema\/logo\/image\/"}},{"@type":"Person","@id":"https:\/\/www.quigioco.it\/blog\/#\/schema\/person\/25961932363461dc816aa1ae4145641e","name":"Riccardo Rudi","image":{"@type":"ImageObject","inLanguage":"it-IT","@id":"https:\/\/www.quigioco.it\/blog\/#\/schema\/person\/image\/","url":"https:\/\/secure.gravatar.com\/avatar\/866cb66eef1ba5270bbf99d8c398f57d3e7d639acd2680699c1f16f9332ad45e?s=96&d=mm&r=g","contentUrl":"https:\/\/secure.gravatar.com\/avatar\/866cb66eef1ba5270bbf99d8c398f57d3e7d639acd2680699c1f16f9332ad45e?s=96&d=mm&r=g","caption":"Riccardo Rudi"}}]}},"_links":{"self":[{"href":"https:\/\/www.quigioco.it\/blog\/wp-json\/wp\/v2\/posts\/6901","targetHints":{"allow":["GET"]}}],"collection":[{"href":"https:\/\/www.quigioco.it\/blog\/wp-json\/wp\/v2\/posts"}],"about":[{"href":"https:\/\/www.quigioco.it\/blog\/wp-json\/wp\/v2\/types\/post"}],"author":[{"embeddable":true,"href":"https:\/\/www.quigioco.it\/blog\/wp-json\/wp\/v2\/users\/7"}],"replies":[{"embeddable":true,"href":"https:\/\/www.quigioco.it\/blog\/wp-json\/wp\/v2\/comments?post=6901"}],"version-history":[{"count":3,"href":"https:\/\/www.quigioco.it\/blog\/wp-json\/wp\/v2\/posts\/6901\/revisions"}],"predecessor-version":[{"id":6914,"href":"https:\/\/www.quigioco.it\/blog\/wp-json\/wp\/v2\/posts\/6901\/revisions\/6914"}],"wp:featuredmedia":[{"embeddable":true,"href":"https:\/\/www.quigioco.it\/blog\/wp-json\/wp\/v2\/media\/6902"}],"wp:attachment":[{"href":"https:\/\/www.quigioco.it\/blog\/wp-json\/wp\/v2\/media?parent=6901"}],"wp:term":[{"taxonomy":"category","embeddable":true,"href":"https:\/\/www.quigioco.it\/blog\/wp-json\/wp\/v2\/categories?post=6901"},{"taxonomy":"post_tag","embeddable":true,"href":"https:\/\/www.quigioco.it\/blog\/wp-json\/wp\/v2\/tags?post=6901"}],"curies":[{"name":"wp","href":"https:\/\/api.w.org\/{rel}","templated":true}]}}