{"id":6546,"date":"2026-01-07T07:39:20","date_gmt":"2026-01-07T07:39:20","guid":{"rendered":"https:\/\/www.quigioco.it\/blog\/?p=6546"},"modified":"2026-01-14T09:52:02","modified_gmt":"2026-01-14T09:52:02","slug":"javier-zanetti-carriera-vita-privata-e-ruolo-allinter","status":"publish","type":"post","link":"https:\/\/www.quigioco.it\/blog\/calcio\/javier-zanetti-carriera-vita-privata-e-ruolo-allinter\/","title":{"rendered":"Javier Zanetti: carriera, vita privata e ruolo all\u2019Inter"},"content":{"rendered":"<h2 data-start=\"409\" data-end=\"470\">Javier Zanetti: chi \u00e8 e perch\u00e9 \u00e8 una leggenda del calcio<\/h2>\n<h3 data-start=\"471\" data-end=\"519\">Dall\u2019Argentina a simbolo assoluto dell\u2019Inter<\/h3>\n<p data-start=\"521\" data-end=\"916\">Javier Zanetti \u00e8 uno dei calciatori pi\u00f9 rappresentativi della storia del calcio europeo e mondiale. Nato a Buenos Aires il 10 agosto 1973, ha legato il suo nome in modo indissolubile all\u2019Inter, diventando un simbolo di fedelt\u00e0, professionalit\u00e0 e leadership. La sua carriera si distingue non solo per la longevit\u00e0, ma anche per l\u2019esempio umano e sportivo che ha lasciato dentro e fuori dal campo.<\/p>\n<p data-start=\"918\" data-end=\"1189\">Arrivato in Italia negli anni \u201990, Zanetti ha incarnato perfettamente i valori del club nerazzurro, diventandone capitano e punto di riferimento per intere generazioni di tifosi. Ancora oggi il suo nome \u00e8 sinonimo di seriet\u00e0, lavoro e rispetto delle istituzioni sportive.<\/p>\n<hr data-start=\"1191\" data-end=\"1194\" \/>\n<h2 data-start=\"1196\" data-end=\"1237\">Carriera di Javier Zanetti all\u2019Inter<\/h2>\n<h3 data-start=\"1238\" data-end=\"1274\">Una storia lunga quasi vent\u2019anni<\/h3>\n<p data-start=\"1276\" data-end=\"1652\">La carriera di <strong data-start=\"1291\" data-end=\"1319\">\u00a0Zanetti all\u2019Inter<\/strong> \u00e8 una delle pi\u00f9 longeve mai viste nel calcio moderno. Arrivato nel 1995, ha indossato la maglia nerazzurra per quasi due decenni senza mai cambiarla, un fatto ormai rarissimo nel calcio contemporaneo. Con l\u2019Inter ha vinto tutto: campionati, coppe nazionali e competizioni internazionali, culminando con lo storico Triplete del 2010.<\/p>\n<p data-start=\"1654\" data-end=\"1939\">Zanetti \u00e8 stato protagonista in diverse epoche del club, attraversando momenti difficili e stagioni trionfali. La sua continuit\u00e0, la capacit\u00e0 di adattarsi a diversi allenatori e sistemi di gioco e il suo spirito di sacrificio lo hanno reso indispensabile in qualsiasi contesto tecnico.<\/p>\n<hr data-start=\"1941\" data-end=\"1944\" \/>\n<h2 data-start=\"1946\" data-end=\"1991\">Ruolo in campo e caratteristiche fisiche<\/h2>\n<h3 data-start=\"1992\" data-end=\"2031\">Le famose \u201cgambe\u201d di <a href=\"https:\/\/www.quigioco.it\/blog\/calcio\/quanti-scudetti-ha-vinto-linter-dal-1909-2023-24-allenatori-e-rose\/\">Javier Zanetti<\/a><\/h3>\n<p data-start=\"2033\" data-end=\"2270\">Uno degli aspetti pi\u00f9 iconici di Zanetti \u00e8 legato alle sue <strong data-start=\"2092\" data-end=\"2101\">gambe<\/strong>, spesso citate come simbolo di resistenza, affidabilit\u00e0 e preparazione atletica. Pochi calciatori hanno mantenuto un livello fisico cos\u00ec elevato fino a oltre i 40 anni.<\/p>\n<p data-start=\"2272\" data-end=\"2597\">In campo ha ricoperto pi\u00f9 ruoli: terzino destro, terzino sinistro, centrocampista esterno e persino mediano. Questa duttilit\u00e0 lo ha reso una risorsa unica, capace di adattarsi alle esigenze della squadra senza mai perdere efficacia. La sua intelligenza tattica compensava qualsiasi limite tecnico, rendendolo sempre decisivo.<\/p>\n<hr data-start=\"2599\" data-end=\"2602\" \/>\n<h2 data-start=\"2604\" data-end=\"2656\">Javier Zanetti: et\u00e0 e ritiro dal calcio giocato<\/h2>\n<p data-start=\"2658\" data-end=\"2971\">Dopo una carriera lunghissima, Zanetti si \u00e8 ritirato dal calcio giocato nel 2014, all\u2019et\u00e0 di 40 anni. Ancora oggi viene ricordato come un esempio di longevit\u00e0 sportiva e professionalit\u00e0 assoluta. Non a caso, il suo addio al calcio \u00e8 stato celebrato non solo dai tifosi dell\u2019Inter, ma da tutto il mondo calcistico.<\/p>\n<p data-start=\"2973\" data-end=\"3092\">La sua ultima partita a San Siro \u00e8 rimasta impressa come uno dei momenti pi\u00f9 emozionanti della storia recente del club.<\/p>\n<hr data-start=\"3094\" data-end=\"3097\" \/>\n<h2 data-start=\"3099\" data-end=\"3131\">Cosa fa oggi Javier Zanetti<\/h2>\n<h3 data-start=\"3132\" data-end=\"3167\">Il ruolo dirigenziale all\u2019Inter<\/h3>\n<p data-start=\"3169\" data-end=\"3425\">Molti si chiedono cosa faccia oggi Zanetti. Dopo il ritiro, \u00e8 rimasto all\u2019interno del club diventandone una figura dirigenziale di primo piano.<strong data-start=\"3320\" data-end=\"3369\">\u00a0Zanetti \u00e8 il vicepresidente dell\u2019Inter<\/strong>, ruolo che ricopre con grande discrezione e competenza.<\/p>\n<p data-start=\"3427\" data-end=\"3647\">Nel suo incarico si occupa di rappresentanza istituzionale, rapporti internazionali e supporto all\u2019area sportiva. La sua conoscenza del mondo Inter e del calcio globale lo rende una figura chiave anche lontano dal campo.<\/p>\n<hr data-start=\"3649\" data-end=\"3652\" \/>\n<h2 data-start=\"3654\" data-end=\"3685\">Javier Zanetti \u00e8 italiano?<\/h2>\n<h3 data-start=\"3686\" data-end=\"3728\">Origini italiane e legame con il Paese<\/h3>\n<p data-start=\"3730\" data-end=\"3972\">Una delle domande pi\u00f9 frequenti riguarda la nazionalit\u00e0: <strong data-start=\"3787\" data-end=\"3817\">Javier Zanetti \u00e8 italiano?<\/strong> Ufficialmente no, ma ha <strong data-start=\"3842\" data-end=\"3862\">origini italiane<\/strong> molto forti. La sua famiglia discende da emigrati italiani, un legame che ha sempre rivendicato con orgoglio.<\/p>\n<p data-start=\"3974\" data-end=\"4192\">Dopo tanti anni vissuti in Italia, Zanetti parla perfettamente la lingua e ha sviluppato un rapporto profondissimo con il Paese, diventando a tutti gli effetti una figura amatissima anche fuori dall\u2019ambiente interista.<\/p>\n<hr data-start=\"4194\" data-end=\"4197\" \/>\n<h2 data-start=\"4199\" data-end=\"4250\">Vita privata: moglie e figli di Javier Zanetti<\/h2>\n<p data-start=\"4252\" data-end=\"4530\">Sul piano personale, Zanetti \u00e8 noto per una vita privata estremamente riservata. La <strong data-start=\"4336\" data-end=\"4364\">moglie di Javier Zanetti<\/strong> \u00e8 Paula de la Fuente, sua compagna storica, sempre al suo fianco fin dagli inizi della carriera. Insieme hanno costruito una famiglia solida, lontana dai riflettori.<\/p>\n<p data-start=\"4532\" data-end=\"4778\">I <strong data-start=\"4534\" data-end=\"4561\">figli di Javier Zanetti<\/strong> sono cresciuti tra Argentina e Italia, mantenendo un forte legame con i valori trasmessi dal padre: umilt\u00e0, impegno e rispetto. Anche in questo ambito, Zanetti \u00e8 considerato un esempio positivo nel mondo dello sport.<\/p>\n<hr data-start=\"4780\" data-end=\"4783\" \/>\n<h2 data-start=\"4785\" data-end=\"4847\">Javier Zanetti: ex calciatore e simbolo eterno dell\u2019Inter<\/h2>\n<p data-start=\"4849\" data-end=\"5061\">Definire <strong data-start=\"4858\" data-end=\"4904\">Javier Zanetti un ex calciatore dell\u2019Inter<\/strong> \u00e8 tecnicamente corretto, ma riduttivo. Per il club e i suoi tifosi rester\u00e0 sempre qualcosa di pi\u00f9: una bandiera, un capitano eterno e un riferimento morale.<\/p>\n<p data-start=\"5063\" data-end=\"5261\">La sua storia dimostra come talento, sacrificio e continuit\u00e0 possano trasformare un atleta in una leggenda. Un nome che continuer\u00e0 a rappresentare l\u2019Inter e il calcio italiano per molti anni ancora.<\/p>\n","protected":false},"excerpt":{"rendered":"<p>Javier Zanetti: chi \u00e8 e perch\u00e9 \u00e8 una leggenda del calcio Dall\u2019Argentina a simbolo assoluto dell\u2019Inter Javier Zanetti \u00e8 uno dei calciatori pi\u00f9 rappresentativi della storia del calcio europeo e&#8230;<\/p>\n","protected":false},"author":5,"featured_media":6547,"comment_status":"closed","ping_status":"open","sticky":false,"template":"","format":"standard","meta":{"inline_featured_image":false,"footnotes":""},"categories":[112],"tags":[],"class_list":{"0":"post-6546","1":"post","2":"type-post","3":"status-publish","4":"format-standard","5":"has-post-thumbnail","7":"category-calcio"},"yoast_head":"<!-- This site is optimized with the Yoast SEO plugin v26.7 - https:\/\/yoast.com\/wordpress\/plugins\/seo\/ -->\n<title>Speciale su Javier Zanetti: carriera, vita privata e ruolo all\u2019Inter<\/title>\n<meta name=\"description\" content=\"Javier Zanetti: carriera all\u2019Inter, et\u00e0, ruolo, moglie, figli, origini italiane e cosa fa oggi nel mondo del calcio.\" \/>\n<meta name=\"robots\" content=\"index, follow, max-snippet:-1, max-image-preview:large, max-video-preview:-1\" \/>\n<link rel=\"canonical\" href=\"https:\/\/www.quigioco.it\/blog\/calcio\/javier-zanetti-carriera-vita-privata-e-ruolo-allinter\/\" \/>\n<meta property=\"og:locale\" content=\"it_IT\" \/>\n<meta property=\"og:type\" content=\"article\" \/>\n<meta property=\"og:title\" content=\"Speciale su Javier Zanetti: carriera, vita privata e ruolo all\u2019Inter\" \/>\n<meta property=\"og:description\" content=\"Javier Zanetti: carriera all\u2019Inter, et\u00e0, ruolo, moglie, figli, origini italiane e cosa fa oggi nel mondo del calcio.\" \/>\n<meta property=\"og:url\" content=\"https:\/\/www.quigioco.it\/blog\/calcio\/javier-zanetti-carriera-vita-privata-e-ruolo-allinter\/\" \/>\n<meta property=\"og:site_name\" content=\"Quigioco\" \/>\n<meta property=\"article:published_time\" content=\"2026-01-07T07:39:20+00:00\" \/>\n<meta property=\"article:modified_time\" content=\"2026-01-14T09:52:02+00:00\" \/>\n<meta property=\"og:image\" content=\"https:\/\/www.quigioco.it\/blog\/wp-content\/uploads\/2026\/01\/Javier-Zanetti.jpg\" \/>\n\t<meta property=\"og:image:width\" content=\"1536\" \/>\n\t<meta property=\"og:image:height\" content=\"1024\" \/>\n\t<meta property=\"og:image:type\" content=\"image\/jpeg\" \/>\n<meta name=\"author\" content=\"Joni Moawad\" \/>\n<meta name=\"twitter:card\" content=\"summary_large_image\" \/>\n<meta name=\"twitter:label1\" content=\"Scritto da\" \/>\n\t<meta name=\"twitter:data1\" content=\"Joni Moawad\" \/>\n\t<meta name=\"twitter:label2\" content=\"Tempo di lettura stimato\" \/>\n\t<meta name=\"twitter:data2\" content=\"4 minuti\" \/>\n<script type=\"application\/ld+json\" class=\"yoast-schema-graph\">{\"@context\":\"https:\/\/schema.org\",\"@graph\":[{\"@type\":\"Article\",\"@id\":\"https:\/\/www.quigioco.it\/blog\/calcio\/javier-zanetti-carriera-vita-privata-e-ruolo-allinter\/#article\",\"isPartOf\":{\"@id\":\"https:\/\/www.quigioco.it\/blog\/calcio\/javier-zanetti-carriera-vita-privata-e-ruolo-allinter\/\"},\"author\":{\"name\":\"Joni Moawad\",\"@id\":\"https:\/\/www.quigioco.it\/blog\/#\/schema\/person\/c017ee63b43626dc1506f781b193a66b\"},\"headline\":\"Javier Zanetti: carriera, vita privata e ruolo all\u2019Inter\",\"datePublished\":\"2026-01-07T07:39:20+00:00\",\"dateModified\":\"2026-01-14T09:52:02+00:00\",\"mainEntityOfPage\":{\"@id\":\"https:\/\/www.quigioco.it\/blog\/calcio\/javier-zanetti-carriera-vita-privata-e-ruolo-allinter\/\"},\"wordCount\":723,\"publisher\":{\"@id\":\"https:\/\/www.quigioco.it\/blog\/#organization\"},\"image\":{\"@id\":\"https:\/\/www.quigioco.it\/blog\/calcio\/javier-zanetti-carriera-vita-privata-e-ruolo-allinter\/#primaryimage\"},\"thumbnailUrl\":\"https:\/\/www.quigioco.it\/blog\/wp-content\/uploads\/2026\/01\/Javier-Zanetti.jpg\",\"articleSection\":[\"calcio\"],\"inLanguage\":\"it-IT\"},{\"@type\":\"WebPage\",\"@id\":\"https:\/\/www.quigioco.it\/blog\/calcio\/javier-zanetti-carriera-vita-privata-e-ruolo-allinter\/\",\"url\":\"https:\/\/www.quigioco.it\/blog\/calcio\/javier-zanetti-carriera-vita-privata-e-ruolo-allinter\/\",\"name\":\"Speciale su Javier Zanetti: carriera, vita privata e ruolo all\u2019Inter\",\"isPartOf\":{\"@id\":\"https:\/\/www.quigioco.it\/blog\/#website\"},\"primaryImageOfPage\":{\"@id\":\"https:\/\/www.quigioco.it\/blog\/calcio\/javier-zanetti-carriera-vita-privata-e-ruolo-allinter\/#primaryimage\"},\"image\":{\"@id\":\"https:\/\/www.quigioco.it\/blog\/calcio\/javier-zanetti-carriera-vita-privata-e-ruolo-allinter\/#primaryimage\"},\"thumbnailUrl\":\"https:\/\/www.quigioco.it\/blog\/wp-content\/uploads\/2026\/01\/Javier-Zanetti.jpg\",\"datePublished\":\"2026-01-07T07:39:20+00:00\",\"dateModified\":\"2026-01-14T09:52:02+00:00\",\"description\":\"Javier Zanetti: carriera all\u2019Inter, et\u00e0, ruolo, moglie, figli, origini italiane e cosa fa oggi nel mondo del calcio.\",\"breadcrumb\":{\"@id\":\"https:\/\/www.quigioco.it\/blog\/calcio\/javier-zanetti-carriera-vita-privata-e-ruolo-allinter\/#breadcrumb\"},\"inLanguage\":\"it-IT\",\"potentialAction\":[{\"@type\":\"ReadAction\",\"target\":[\"https:\/\/www.quigioco.it\/blog\/calcio\/javier-zanetti-carriera-vita-privata-e-ruolo-allinter\/\"]}]},{\"@type\":\"ImageObject\",\"inLanguage\":\"it-IT\",\"@id\":\"https:\/\/www.quigioco.it\/blog\/calcio\/javier-zanetti-carriera-vita-privata-e-ruolo-allinter\/#primaryimage\",\"url\":\"https:\/\/www.quigioco.it\/blog\/wp-content\/uploads\/2026\/01\/Javier-Zanetti.jpg\",\"contentUrl\":\"https:\/\/www.quigioco.it\/blog\/wp-content\/uploads\/2026\/01\/Javier-Zanetti.jpg\",\"width\":1536,\"height\":1024,\"caption\":\"Javier Zanetti di spalle con la maglia nerazzurra numero 4, simbolo della storia e della carriera all\u2019Inter.\"},{\"@type\":\"BreadcrumbList\",\"@id\":\"https:\/\/www.quigioco.it\/blog\/calcio\/javier-zanetti-carriera-vita-privata-e-ruolo-allinter\/#breadcrumb\",\"itemListElement\":[{\"@type\":\"ListItem\",\"position\":1,\"name\":\"Home\",\"item\":\"https:\/\/www.quigioco.it\/blog\/\"},{\"@type\":\"ListItem\",\"position\":2,\"name\":\"calcio\",\"item\":\"https:\/\/www.quigioco.it\/blog\/calcio\/\"},{\"@type\":\"ListItem\",\"position\":3,\"name\":\"Javier Zanetti: carriera, vita privata e ruolo all\u2019Inter\"}]},{\"@type\":\"WebSite\",\"@id\":\"https:\/\/www.quigioco.it\/blog\/#website\",\"url\":\"https:\/\/www.quigioco.it\/blog\/\",\"name\":\"QUIGIOCO_BLOG\",\"description\":\"\",\"publisher\":{\"@id\":\"https:\/\/www.quigioco.it\/blog\/#organization\"},\"potentialAction\":[{\"@type\":\"SearchAction\",\"target\":{\"@type\":\"EntryPoint\",\"urlTemplate\":\"https:\/\/www.quigioco.it\/blog\/?s={search_term_string}\"},\"query-input\":{\"@type\":\"PropertyValueSpecification\",\"valueRequired\":true,\"valueName\":\"search_term_string\"}}],\"inLanguage\":\"it-IT\"},{\"@type\":\"Organization\",\"@id\":\"https:\/\/www.quigioco.it\/blog\/#organization\",\"name\":\"Quigioco\",\"url\":\"https:\/\/www.quigioco.it\/blog\/\",\"logo\":{\"@type\":\"ImageObject\",\"inLanguage\":\"it-IT\",\"@id\":\"https:\/\/www.quigioco.it\/blog\/#\/schema\/logo\/image\/\",\"url\":\"https:\/\/www.quigioco.it\/blog\/wp-content\/uploads\/2024\/06\/logo-quigioco-blog-1.webp\",\"contentUrl\":\"https:\/\/www.quigioco.it\/blog\/wp-content\/uploads\/2024\/06\/logo-quigioco-blog-1.webp\",\"width\":750,\"height\":100,\"caption\":\"Quigioco\"},\"image\":{\"@id\":\"https:\/\/www.quigioco.it\/blog\/#\/schema\/logo\/image\/\"}},{\"@type\":\"Person\",\"@id\":\"https:\/\/www.quigioco.it\/blog\/#\/schema\/person\/c017ee63b43626dc1506f781b193a66b\",\"name\":\"Joni Moawad\",\"image\":{\"@type\":\"ImageObject\",\"inLanguage\":\"it-IT\",\"@id\":\"https:\/\/www.quigioco.it\/blog\/#\/schema\/person\/image\/\",\"url\":\"https:\/\/secure.gravatar.com\/avatar\/e9cb4a36b371682094555bf87b67f76fbccd4042a1dd2dde19c5c2512629ff36?s=96&d=mm&r=g\",\"contentUrl\":\"https:\/\/secure.gravatar.com\/avatar\/e9cb4a36b371682094555bf87b67f76fbccd4042a1dd2dde19c5c2512629ff36?s=96&d=mm&r=g\",\"caption\":\"Joni Moawad\"}}]}<\/script>\n<!-- \/ Yoast SEO plugin. -->","yoast_head_json":{"title":"Speciale su Javier Zanetti: carriera, vita privata e ruolo all\u2019Inter","description":"Javier Zanetti: carriera all\u2019Inter, et\u00e0, ruolo, moglie, figli, origini italiane e cosa fa oggi nel mondo del calcio.","robots":{"index":"index","follow":"follow","max-snippet":"max-snippet:-1","max-image-preview":"max-image-preview:large","max-video-preview":"max-video-preview:-1"},"canonical":"https:\/\/www.quigioco.it\/blog\/calcio\/javier-zanetti-carriera-vita-privata-e-ruolo-allinter\/","og_locale":"it_IT","og_type":"article","og_title":"Speciale su Javier Zanetti: carriera, vita privata e ruolo all\u2019Inter","og_description":"Javier Zanetti: carriera all\u2019Inter, et\u00e0, ruolo, moglie, figli, origini italiane e cosa fa oggi nel mondo del calcio.","og_url":"https:\/\/www.quigioco.it\/blog\/calcio\/javier-zanetti-carriera-vita-privata-e-ruolo-allinter\/","og_site_name":"Quigioco","article_published_time":"2026-01-07T07:39:20+00:00","article_modified_time":"2026-01-14T09:52:02+00:00","og_image":[{"width":1536,"height":1024,"url":"https:\/\/www.quigioco.it\/blog\/wp-content\/uploads\/2026\/01\/Javier-Zanetti.jpg","type":"image\/jpeg"}],"author":"Joni Moawad","twitter_card":"summary_large_image","twitter_misc":{"Scritto da":"Joni Moawad","Tempo di lettura stimato":"4 minuti"},"schema":{"@context":"https:\/\/schema.org","@graph":[{"@type":"Article","@id":"https:\/\/www.quigioco.it\/blog\/calcio\/javier-zanetti-carriera-vita-privata-e-ruolo-allinter\/#article","isPartOf":{"@id":"https:\/\/www.quigioco.it\/blog\/calcio\/javier-zanetti-carriera-vita-privata-e-ruolo-allinter\/"},"author":{"name":"Joni Moawad","@id":"https:\/\/www.quigioco.it\/blog\/#\/schema\/person\/c017ee63b43626dc1506f781b193a66b"},"headline":"Javier Zanetti: carriera, vita privata e ruolo all\u2019Inter","datePublished":"2026-01-07T07:39:20+00:00","dateModified":"2026-01-14T09:52:02+00:00","mainEntityOfPage":{"@id":"https:\/\/www.quigioco.it\/blog\/calcio\/javier-zanetti-carriera-vita-privata-e-ruolo-allinter\/"},"wordCount":723,"publisher":{"@id":"https:\/\/www.quigioco.it\/blog\/#organization"},"image":{"@id":"https:\/\/www.quigioco.it\/blog\/calcio\/javier-zanetti-carriera-vita-privata-e-ruolo-allinter\/#primaryimage"},"thumbnailUrl":"https:\/\/www.quigioco.it\/blog\/wp-content\/uploads\/2026\/01\/Javier-Zanetti.jpg","articleSection":["calcio"],"inLanguage":"it-IT"},{"@type":"WebPage","@id":"https:\/\/www.quigioco.it\/blog\/calcio\/javier-zanetti-carriera-vita-privata-e-ruolo-allinter\/","url":"https:\/\/www.quigioco.it\/blog\/calcio\/javier-zanetti-carriera-vita-privata-e-ruolo-allinter\/","name":"Speciale su Javier Zanetti: carriera, vita privata e ruolo all\u2019Inter","isPartOf":{"@id":"https:\/\/www.quigioco.it\/blog\/#website"},"primaryImageOfPage":{"@id":"https:\/\/www.quigioco.it\/blog\/calcio\/javier-zanetti-carriera-vita-privata-e-ruolo-allinter\/#primaryimage"},"image":{"@id":"https:\/\/www.quigioco.it\/blog\/calcio\/javier-zanetti-carriera-vita-privata-e-ruolo-allinter\/#primaryimage"},"thumbnailUrl":"https:\/\/www.quigioco.it\/blog\/wp-content\/uploads\/2026\/01\/Javier-Zanetti.jpg","datePublished":"2026-01-07T07:39:20+00:00","dateModified":"2026-01-14T09:52:02+00:00","description":"Javier Zanetti: carriera all\u2019Inter, et\u00e0, ruolo, moglie, figli, origini italiane e cosa fa oggi nel mondo del calcio.","breadcrumb":{"@id":"https:\/\/www.quigioco.it\/blog\/calcio\/javier-zanetti-carriera-vita-privata-e-ruolo-allinter\/#breadcrumb"},"inLanguage":"it-IT","potentialAction":[{"@type":"ReadAction","target":["https:\/\/www.quigioco.it\/blog\/calcio\/javier-zanetti-carriera-vita-privata-e-ruolo-allinter\/"]}]},{"@type":"ImageObject","inLanguage":"it-IT","@id":"https:\/\/www.quigioco.it\/blog\/calcio\/javier-zanetti-carriera-vita-privata-e-ruolo-allinter\/#primaryimage","url":"https:\/\/www.quigioco.it\/blog\/wp-content\/uploads\/2026\/01\/Javier-Zanetti.jpg","contentUrl":"https:\/\/www.quigioco.it\/blog\/wp-content\/uploads\/2026\/01\/Javier-Zanetti.jpg","width":1536,"height":1024,"caption":"Javier Zanetti di spalle con la maglia nerazzurra numero 4, simbolo della storia e della carriera all\u2019Inter."},{"@type":"BreadcrumbList","@id":"https:\/\/www.quigioco.it\/blog\/calcio\/javier-zanetti-carriera-vita-privata-e-ruolo-allinter\/#breadcrumb","itemListElement":[{"@type":"ListItem","position":1,"name":"Home","item":"https:\/\/www.quigioco.it\/blog\/"},{"@type":"ListItem","position":2,"name":"calcio","item":"https:\/\/www.quigioco.it\/blog\/calcio\/"},{"@type":"ListItem","position":3,"name":"Javier Zanetti: carriera, vita privata e ruolo all\u2019Inter"}]},{"@type":"WebSite","@id":"https:\/\/www.quigioco.it\/blog\/#website","url":"https:\/\/www.quigioco.it\/blog\/","name":"QUIGIOCO_BLOG","description":"","publisher":{"@id":"https:\/\/www.quigioco.it\/blog\/#organization"},"potentialAction":[{"@type":"SearchAction","target":{"@type":"EntryPoint","urlTemplate":"https:\/\/www.quigioco.it\/blog\/?s={search_term_string}"},"query-input":{"@type":"PropertyValueSpecification","valueRequired":true,"valueName":"search_term_string"}}],"inLanguage":"it-IT"},{"@type":"Organization","@id":"https:\/\/www.quigioco.it\/blog\/#organization","name":"Quigioco","url":"https:\/\/www.quigioco.it\/blog\/","logo":{"@type":"ImageObject","inLanguage":"it-IT","@id":"https:\/\/www.quigioco.it\/blog\/#\/schema\/logo\/image\/","url":"https:\/\/www.quigioco.it\/blog\/wp-content\/uploads\/2024\/06\/logo-quigioco-blog-1.webp","contentUrl":"https:\/\/www.quigioco.it\/blog\/wp-content\/uploads\/2024\/06\/logo-quigioco-blog-1.webp","width":750,"height":100,"caption":"Quigioco"},"image":{"@id":"https:\/\/www.quigioco.it\/blog\/#\/schema\/logo\/image\/"}},{"@type":"Person","@id":"https:\/\/www.quigioco.it\/blog\/#\/schema\/person\/c017ee63b43626dc1506f781b193a66b","name":"Joni Moawad","image":{"@type":"ImageObject","inLanguage":"it-IT","@id":"https:\/\/www.quigioco.it\/blog\/#\/schema\/person\/image\/","url":"https:\/\/secure.gravatar.com\/avatar\/e9cb4a36b371682094555bf87b67f76fbccd4042a1dd2dde19c5c2512629ff36?s=96&d=mm&r=g","contentUrl":"https:\/\/secure.gravatar.com\/avatar\/e9cb4a36b371682094555bf87b67f76fbccd4042a1dd2dde19c5c2512629ff36?s=96&d=mm&r=g","caption":"Joni Moawad"}}]}},"_links":{"self":[{"href":"https:\/\/www.quigioco.it\/blog\/wp-json\/wp\/v2\/posts\/6546","targetHints":{"allow":["GET"]}}],"collection":[{"href":"https:\/\/www.quigioco.it\/blog\/wp-json\/wp\/v2\/posts"}],"about":[{"href":"https:\/\/www.quigioco.it\/blog\/wp-json\/wp\/v2\/types\/post"}],"author":[{"embeddable":true,"href":"https:\/\/www.quigioco.it\/blog\/wp-json\/wp\/v2\/users\/5"}],"replies":[{"embeddable":true,"href":"https:\/\/www.quigioco.it\/blog\/wp-json\/wp\/v2\/comments?post=6546"}],"version-history":[{"count":1,"href":"https:\/\/www.quigioco.it\/blog\/wp-json\/wp\/v2\/posts\/6546\/revisions"}],"predecessor-version":[{"id":6548,"href":"https:\/\/www.quigioco.it\/blog\/wp-json\/wp\/v2\/posts\/6546\/revisions\/6548"}],"wp:featuredmedia":[{"embeddable":true,"href":"https:\/\/www.quigioco.it\/blog\/wp-json\/wp\/v2\/media\/6547"}],"wp:attachment":[{"href":"https:\/\/www.quigioco.it\/blog\/wp-json\/wp\/v2\/media?parent=6546"}],"wp:term":[{"taxonomy":"category","embeddable":true,"href":"https:\/\/www.quigioco.it\/blog\/wp-json\/wp\/v2\/categories?post=6546"},{"taxonomy":"post_tag","embeddable":true,"href":"https:\/\/www.quigioco.it\/blog\/wp-json\/wp\/v2\/tags?post=6546"}],"curies":[{"name":"wp","href":"https:\/\/api.w.org\/{rel}","templated":true}]}}