{"id":6380,"date":"2025-12-27T10:29:19","date_gmt":"2025-12-27T10:29:19","guid":{"rendered":"https:\/\/www.quigioco.it\/blog\/?p=6380"},"modified":"2026-01-14T09:51:31","modified_gmt":"2026-01-14T09:51:31","slug":"mariah-carey-inaugura-le-olimpiadi-invernali-2026","status":"publish","type":"post","link":"https:\/\/www.quigioco.it\/blog\/altri-sport\/mariah-carey-inaugura-le-olimpiadi-invernali-2026\/","title":{"rendered":"Mariah Carey inaugura le Olimpiadi invernali 2026"},"content":{"rendered":"<p data-start=\"258\" data-end=\"949\"><strong data-start=\"258\" data-end=\"306\">Mariah Carey inaugura le Olimpiadi invernali<\/strong> e, all\u2019improvviso, l\u2019attesa per Milano-Cortina 2026 cambia ritmo: non \u00e8 pi\u00f9 \u201csolo\u201d una questione di sport, calendari e medaglie, ma anche di spettacolo globale. La cerimonia d\u2019apertura \u00e8 il momento in cui un\u2019Olimpiade racconta al mondo la propria identit\u00e0 e i propri valori, e l\u2019annuncio della presenza di una star internazionale alza l\u2019asticella delle aspettative. Cosa far\u00e0 la cantante sul palco? In quale punto della serata entrer\u00e0 in scena? E soprattutto: come si potr\u00e0 vedere l\u2019esibizione, dal vivo o da casa? Qui trovi un approfondimento completo e chiaro, con le informazioni essenziali e qualche dettaglio utile per non perdere nulla.<\/p>\n<hr data-start=\"951\" data-end=\"954\" \/>\n<h2 data-start=\"956\" data-end=\"1014\">Mariah Carey inaugura le Olimpiadi invernali: cosa far\u00e0<\/h2>\n<p data-start=\"1016\" data-end=\"1574\">La partecipazione di Mariah Carey alla cerimonia d\u2019apertura dei Giochi di Milano-Cortina 2026 \u00e8 stata annunciata come uno dei momenti centrali dell\u2019evento. L\u2019esibizione \u00e8 prevista il <strong data-start=\"1199\" data-end=\"1218\">6 febbraio 2026<\/strong> nello scenario iconico dello <strong data-start=\"1248\" data-end=\"1267\">Stadio San Siro<\/strong> di Milano, con una produzione pensata per valorizzare musica, luci e coreografie. In quella serata lo stadio si trasformer\u00e0 in un grande teatro contemporaneo: l\u2019apertura dei Giochi non \u00e8 mai solo protocollo, ma un racconto dal vivo capace di unire <strong data-start=\"1516\" data-end=\"1573\">spettacolo, identit\u00e0 culturale e messaggio universale<\/strong>.<\/p>\n<p data-start=\"1576\" data-end=\"2093\">In genere, la scaletta della cerimonia alterna scene narrative, performance artistiche e passaggi simbolici: la sfilata delle delegazioni, i momenti istituzionali, la celebrazione del Paese ospitante. L\u2019apparizione della cantante \u00e8 destinata a essere inserita nel \u201ccuore\u201d della serata, in un punto ad alto impatto emotivo e televisivo. Non si tratta soltanto di \u201cospitare una celebrit\u00e0\u201d, ma di dare una voce riconoscibile a un\u2019idea precisa: l\u2019apertura deve parlare a tutti, anche a chi non segue lo sport ogni giorno.<\/p>\n<h3 data-start=\"2095\" data-end=\"2149\">Perch\u00e9 Mariah Carey per l\u2019inaugurazione dei Giochi<\/h3>\n<p data-start=\"2151\" data-end=\"2615\">La scelta dell\u2019artista risponde a una logica precisa: serviva un nome capace di garantire <strong data-start=\"2241\" data-end=\"2269\">risonanza internazionale<\/strong> e, al tempo stesso, una forte componente emotiva. Mariah Carey \u00e8 associata a potenza vocale, presenza scenica e repertorio pop trasversale, in grado di coinvolgere generazioni diverse. In ottica di narrazione, la sua partecipazione sostiene il tema indicato per la cerimonia: <strong data-start=\"2546\" data-end=\"2559\">l\u2019armonia<\/strong>, intesa come incontro tra persone, territori e culture.<\/p>\n<p data-start=\"2617\" data-end=\"3046\">C\u2019\u00e8 anche un elemento di \u201cfirma\u201d spettacolare: un\u2019Olimpiade moderna compete, inevitabilmente, anche sul piano dell\u2019esperienza mediatica. Un grande nome musicale amplifica l\u2019attenzione internazionale e rende pi\u00f9 memorabile l\u2019inizio dei Giochi. In pi\u00f9, la produzione \u2013 affidata a <strong data-start=\"2895\" data-end=\"2919\">Balich Wonder Studio<\/strong> \u2013 punta da tempo su eventi ad alto tasso scenografico, dove la musica diventa un motore narrativo, non un semplice intermezzo.<\/p>\n<h3 data-start=\"3048\" data-end=\"3102\">Scaletta: i brani pi\u00f9 attesi sul palco di San Siro<\/h3>\n<p data-start=\"3104\" data-end=\"3556\">La scaletta ufficiale non \u00e8 stata diffusa, ma alcune ipotesi sono realistiche. \u00c8 plausibile che l\u2019artista proponga brani celebri e immediatamente riconoscibili, quelli capaci di \u201caccendere\u201d un pubblico vastissimo anche in contesto olimpico. Tra i titoli pi\u00f9 citati dai fan ci sono <strong data-start=\"3385\" data-end=\"3409\">\u201cWe Belong Together\u201d<\/strong> e <strong data-start=\"3412\" data-end=\"3426\">\u201cObsessed\u201d<\/strong>, canzoni che funzionano sia dal vivo sia in televisione grazie a ritornelli forti e arrangiamenti adatti a una grande produzione.<\/p>\n<p data-start=\"3558\" data-end=\"4075\">Molto meno probabile, invece, che il set sia centrato sui brani natalizi: febbraio \u00e8 lontano dalle festivit\u00e0 e la cerimonia richiede un tono pi\u00f9 universale. \u00c8 pi\u00f9 facile immaginare una performance costruita per l\u2019occasione, con un impianto visivo importante, coreografie e un montaggio televisivo pensato per valorizzare i momenti clou. L\u2019obiettivo non \u00e8 \u201cun concerto\u201d, ma un <strong data-start=\"3934\" data-end=\"3954\">atto di apertura<\/strong> che dia energia all\u2019intero evento e accompagni il passaggio dalla celebrazione artistica all\u2019ingresso delle delegazioni.<\/p>\n<hr data-start=\"4077\" data-end=\"4080\" \/>\n<h2 data-start=\"4082\" data-end=\"4128\">Dove vedere la cerimonia e come partecipare<\/h2>\n<p data-start=\"4130\" data-end=\"4657\"><a href=\"https:\/\/www.quigioco.it\/scommesse\">Sapere che <strong data-start=\"4141\" data-end=\"4189\">Mariah Carey inaugura le Olimpiadi invernali<\/strong> porta subito a una domanda pratica<\/a>: come assistere all\u2019evento? Le strade principali sono due: l\u2019esperienza dal vivo a San Siro oppure la visione in TV e streaming. La scelta dipende dal budget, dalla logistica e da quanto si vuole vivere l\u2019atmosfera in presenza. In entrambi i casi, l\u2019importante \u00e8 muoversi per tempo e conoscere le opzioni disponibili, perch\u00e9 la cerimonia d\u2019apertura tende a essere uno degli appuntamenti pi\u00f9 richiesti dell\u2019intero programma olimpico.<\/p>\n<p data-start=\"4659\" data-end=\"5016\">Vale la pena ricordare che la serata non sar\u00e0 \u201csolo\u201d l\u2019esibizione della cantante: l\u2019intero show include la parte narrativa, i momenti istituzionali, la sfilata degli atleti e la costruzione scenica del tema olimpico. In altre parole, anche chi segue da casa vedr\u00e0 un evento completo, con un ritmo studiato per tenere alta l\u2019attenzione dall\u2019inizio alla fine.<\/p>\n<h3 data-start=\"5018\" data-end=\"5062\">Biglietti e accesso allo Stadio San Siro<\/h3>\n<p data-start=\"5064\" data-end=\"5472\">Per chi vuole esserci dal vivo, servir\u00e0 acquistare i biglietti della cerimonia d\u2019apertura. In genere, i ticket per un evento di questo livello coprono fasce di prezzo diverse: dai posti pi\u00f9 \u201caccessibili\u201d fino alle aree premium con visuale migliore e servizi dedicati. \u00c8 un\u2019esperienza che pu\u00f2 diventare costosa, anche perch\u00e9 la cerimonia include ospiti internazionali e un impianto produttivo di grande scala.<\/p>\n<p data-start=\"5474\" data-end=\"5852\">Oltre al costo, conta la logistica: Milano in quei giorni sar\u00e0 sotto i riflettori e gli spostamenti potrebbero richiedere pianificazione (trasporti, tempi di accesso, controlli, arrivo anticipato). Il consiglio pratico \u00e8 considerare la cerimonia come un \u201cgrande evento\u201d: si arriva prima, si mette in conto la folla, e si vive l\u2019esperienza come parte integrante dello spettacolo.<\/p>\n<h3 data-start=\"5854\" data-end=\"5920\">Mariah Carey inaugura le Olimpiadi invernali in TV e streaming<\/h3>\n<p data-start=\"5922\" data-end=\"6243\">Per chi non potr\u00e0 essere allo stadio, l\u2019alternativa \u00e8 semplice e comoda: la cerimonia sar\u00e0 visibile gratuitamente grazie alla copertura <strong data-start=\"6058\" data-end=\"6065\">Rai<\/strong>, con diretta televisiva dell\u2019evento. In parallelo, sar\u00e0 disponibile anche su <strong data-start=\"6143\" data-end=\"6155\">Rai Play<\/strong>, cos\u00ec da poter seguire lo show in streaming su smart TV, computer, tablet e smartphone.<\/p>\n<p data-start=\"6245\" data-end=\"6652\">Questa doppia opzione \u00e8 ideale per chi vuole godersi ogni dettaglio: la regia televisiva, infatti, offre primi piani, panoramiche, inserti scenografici e un montaggio pensato per valorizzare i momenti pi\u00f9 emozionanti. Se l\u2019obiettivo \u00e8 non perdersi l\u2019esibizione e il passaggio simbolico della serata, la visione da casa resta una scelta efficace, pratica e spesso pi\u00f9 \u201ccompleta\u201d dal punto di vista narrativo.<\/p>\n<hr data-start=\"6654\" data-end=\"6657\" \/>\n<p data-start=\"6659\" data-end=\"7011\" data-is-last-node=\"\" data-is-only-node=\"\">Tra sport e intrattenimento, la cerimonia d\u2019apertura \u00e8 il biglietto da visita di un\u2019Olimpiade. E quando una voce cos\u00ec riconoscibile entra nel racconto, l\u2019evento acquisisce un\u2019eco ancora pi\u00f9 grande. Milano-Cortina 2026 parte con l\u2019ambizione di parlare al mondo: una serata, uno stadio, un messaggio, e un palco pronto a trasformare l\u2019attesa in emozione.<\/p>\n","protected":false},"excerpt":{"rendered":"<p>Mariah Carey inaugura le Olimpiadi invernali e, all\u2019improvviso, l\u2019attesa per Milano-Cortina 2026 cambia ritmo: non \u00e8 pi\u00f9 \u201csolo\u201d una questione di sport, calendari e medaglie, ma anche di spettacolo globale&#8230;.<\/p>\n","protected":false},"author":7,"featured_media":6388,"comment_status":"closed","ping_status":"open","sticky":false,"template":"","format":"standard","meta":{"inline_featured_image":false,"footnotes":""},"categories":[118],"tags":[],"class_list":{"0":"post-6380","1":"post","2":"type-post","3":"status-publish","4":"format-standard","5":"has-post-thumbnail","7":"category-altri-sport"},"yoast_head":"<!-- This site is optimized with the Yoast SEO plugin v26.7 - https:\/\/yoast.com\/wordpress\/plugins\/seo\/ -->\n<title>La storia di Mariah Carey inaugura le Olimpiadi invernali 2026<\/title>\n<meta name=\"description\" content=\"Mariah Carey inaugura le Olimpiadi invernali di Milano-Cortina 2026: esibizione, significato artistico e dove seguire l\u2019evento.\" \/>\n<meta name=\"robots\" content=\"index, follow, max-snippet:-1, max-image-preview:large, max-video-preview:-1\" \/>\n<link rel=\"canonical\" href=\"https:\/\/www.quigioco.it\/blog\/altri-sport\/mariah-carey-inaugura-le-olimpiadi-invernali-2026\/\" \/>\n<meta property=\"og:locale\" content=\"it_IT\" \/>\n<meta property=\"og:type\" content=\"article\" \/>\n<meta property=\"og:title\" content=\"La storia di Mariah Carey inaugura le Olimpiadi invernali 2026\" \/>\n<meta property=\"og:description\" content=\"Mariah Carey inaugura le Olimpiadi invernali di Milano-Cortina 2026: esibizione, significato artistico e dove seguire l\u2019evento.\" \/>\n<meta property=\"og:url\" content=\"https:\/\/www.quigioco.it\/blog\/altri-sport\/mariah-carey-inaugura-le-olimpiadi-invernali-2026\/\" \/>\n<meta property=\"og:site_name\" content=\"Quigioco\" \/>\n<meta property=\"article:published_time\" content=\"2025-12-27T10:29:19+00:00\" \/>\n<meta property=\"article:modified_time\" content=\"2026-01-14T09:51:31+00:00\" \/>\n<meta property=\"og:image\" content=\"https:\/\/www.quigioco.it\/blog\/wp-content\/uploads\/2025\/12\/Mariah-Carey-inaugura-le-Olimpiadi-1024x683.png\" \/>\n\t<meta property=\"og:image:width\" content=\"1024\" \/>\n\t<meta property=\"og:image:height\" content=\"683\" \/>\n\t<meta property=\"og:image:type\" content=\"image\/png\" \/>\n<meta name=\"author\" content=\"Riccardo Rudi\" \/>\n<meta name=\"twitter:card\" content=\"summary_large_image\" \/>\n<meta name=\"twitter:label1\" content=\"Scritto da\" \/>\n\t<meta name=\"twitter:data1\" content=\"Riccardo Rudi\" \/>\n\t<meta name=\"twitter:label2\" content=\"Tempo di lettura stimato\" \/>\n\t<meta name=\"twitter:data2\" content=\"5 minuti\" \/>\n<script type=\"application\/ld+json\" class=\"yoast-schema-graph\">{\"@context\":\"https:\/\/schema.org\",\"@graph\":[{\"@type\":\"Article\",\"@id\":\"https:\/\/www.quigioco.it\/blog\/altri-sport\/mariah-carey-inaugura-le-olimpiadi-invernali-2026\/#article\",\"isPartOf\":{\"@id\":\"https:\/\/www.quigioco.it\/blog\/altri-sport\/mariah-carey-inaugura-le-olimpiadi-invernali-2026\/\"},\"author\":{\"name\":\"Riccardo Rudi\",\"@id\":\"https:\/\/www.quigioco.it\/blog\/#\/schema\/person\/25961932363461dc816aa1ae4145641e\"},\"headline\":\"Mariah Carey inaugura le Olimpiadi invernali 2026\",\"datePublished\":\"2025-12-27T10:29:19+00:00\",\"dateModified\":\"2026-01-14T09:51:31+00:00\",\"mainEntityOfPage\":{\"@id\":\"https:\/\/www.quigioco.it\/blog\/altri-sport\/mariah-carey-inaugura-le-olimpiadi-invernali-2026\/\"},\"wordCount\":1029,\"publisher\":{\"@id\":\"https:\/\/www.quigioco.it\/blog\/#organization\"},\"image\":{\"@id\":\"https:\/\/www.quigioco.it\/blog\/altri-sport\/mariah-carey-inaugura-le-olimpiadi-invernali-2026\/#primaryimage\"},\"thumbnailUrl\":\"https:\/\/www.quigioco.it\/blog\/wp-content\/uploads\/2025\/12\/Mariah-Carey-inaugura-le-Olimpiadi.png\",\"articleSection\":[\"Altri Sport\"],\"inLanguage\":\"it-IT\"},{\"@type\":\"WebPage\",\"@id\":\"https:\/\/www.quigioco.it\/blog\/altri-sport\/mariah-carey-inaugura-le-olimpiadi-invernali-2026\/\",\"url\":\"https:\/\/www.quigioco.it\/blog\/altri-sport\/mariah-carey-inaugura-le-olimpiadi-invernali-2026\/\",\"name\":\"La storia di Mariah Carey inaugura le Olimpiadi invernali 2026\",\"isPartOf\":{\"@id\":\"https:\/\/www.quigioco.it\/blog\/#website\"},\"primaryImageOfPage\":{\"@id\":\"https:\/\/www.quigioco.it\/blog\/altri-sport\/mariah-carey-inaugura-le-olimpiadi-invernali-2026\/#primaryimage\"},\"image\":{\"@id\":\"https:\/\/www.quigioco.it\/blog\/altri-sport\/mariah-carey-inaugura-le-olimpiadi-invernali-2026\/#primaryimage\"},\"thumbnailUrl\":\"https:\/\/www.quigioco.it\/blog\/wp-content\/uploads\/2025\/12\/Mariah-Carey-inaugura-le-Olimpiadi.png\",\"datePublished\":\"2025-12-27T10:29:19+00:00\",\"dateModified\":\"2026-01-14T09:51:31+00:00\",\"description\":\"Mariah Carey inaugura le Olimpiadi invernali di Milano-Cortina 2026: esibizione, significato artistico e dove seguire l\u2019evento.\",\"breadcrumb\":{\"@id\":\"https:\/\/www.quigioco.it\/blog\/altri-sport\/mariah-carey-inaugura-le-olimpiadi-invernali-2026\/#breadcrumb\"},\"inLanguage\":\"it-IT\",\"potentialAction\":[{\"@type\":\"ReadAction\",\"target\":[\"https:\/\/www.quigioco.it\/blog\/altri-sport\/mariah-carey-inaugura-le-olimpiadi-invernali-2026\/\"]}]},{\"@type\":\"ImageObject\",\"inLanguage\":\"it-IT\",\"@id\":\"https:\/\/www.quigioco.it\/blog\/altri-sport\/mariah-carey-inaugura-le-olimpiadi-invernali-2026\/#primaryimage\",\"url\":\"https:\/\/www.quigioco.it\/blog\/wp-content\/uploads\/2025\/12\/Mariah-Carey-inaugura-le-Olimpiadi.png\",\"contentUrl\":\"https:\/\/www.quigioco.it\/blog\/wp-content\/uploads\/2025\/12\/Mariah-Carey-inaugura-le-Olimpiadi.png\",\"width\":1536,\"height\":1024,\"caption\":\"Mariah Carey inaugura le Olimpiadi invernali di Milano-Cortina 2026 con un\u2019esibizione scenografica nello stadio olimpico.\"},{\"@type\":\"BreadcrumbList\",\"@id\":\"https:\/\/www.quigioco.it\/blog\/altri-sport\/mariah-carey-inaugura-le-olimpiadi-invernali-2026\/#breadcrumb\",\"itemListElement\":[{\"@type\":\"ListItem\",\"position\":1,\"name\":\"Home\",\"item\":\"https:\/\/www.quigioco.it\/blog\/\"},{\"@type\":\"ListItem\",\"position\":2,\"name\":\"Altri Sport\",\"item\":\"https:\/\/www.quigioco.it\/blog\/altri-sport\/\"},{\"@type\":\"ListItem\",\"position\":3,\"name\":\"Mariah Carey inaugura le Olimpiadi invernali 2026\"}]},{\"@type\":\"WebSite\",\"@id\":\"https:\/\/www.quigioco.it\/blog\/#website\",\"url\":\"https:\/\/www.quigioco.it\/blog\/\",\"name\":\"QUIGIOCO_BLOG\",\"description\":\"\",\"publisher\":{\"@id\":\"https:\/\/www.quigioco.it\/blog\/#organization\"},\"potentialAction\":[{\"@type\":\"SearchAction\",\"target\":{\"@type\":\"EntryPoint\",\"urlTemplate\":\"https:\/\/www.quigioco.it\/blog\/?s={search_term_string}\"},\"query-input\":{\"@type\":\"PropertyValueSpecification\",\"valueRequired\":true,\"valueName\":\"search_term_string\"}}],\"inLanguage\":\"it-IT\"},{\"@type\":\"Organization\",\"@id\":\"https:\/\/www.quigioco.it\/blog\/#organization\",\"name\":\"Quigioco\",\"url\":\"https:\/\/www.quigioco.it\/blog\/\",\"logo\":{\"@type\":\"ImageObject\",\"inLanguage\":\"it-IT\",\"@id\":\"https:\/\/www.quigioco.it\/blog\/#\/schema\/logo\/image\/\",\"url\":\"https:\/\/www.quigioco.it\/blog\/wp-content\/uploads\/2024\/06\/logo-quigioco-blog-1.webp\",\"contentUrl\":\"https:\/\/www.quigioco.it\/blog\/wp-content\/uploads\/2024\/06\/logo-quigioco-blog-1.webp\",\"width\":750,\"height\":100,\"caption\":\"Quigioco\"},\"image\":{\"@id\":\"https:\/\/www.quigioco.it\/blog\/#\/schema\/logo\/image\/\"}},{\"@type\":\"Person\",\"@id\":\"https:\/\/www.quigioco.it\/blog\/#\/schema\/person\/25961932363461dc816aa1ae4145641e\",\"name\":\"Riccardo Rudi\",\"image\":{\"@type\":\"ImageObject\",\"inLanguage\":\"it-IT\",\"@id\":\"https:\/\/www.quigioco.it\/blog\/#\/schema\/person\/image\/\",\"url\":\"https:\/\/secure.gravatar.com\/avatar\/866cb66eef1ba5270bbf99d8c398f57d3e7d639acd2680699c1f16f9332ad45e?s=96&d=mm&r=g\",\"contentUrl\":\"https:\/\/secure.gravatar.com\/avatar\/866cb66eef1ba5270bbf99d8c398f57d3e7d639acd2680699c1f16f9332ad45e?s=96&d=mm&r=g\",\"caption\":\"Riccardo Rudi\"}}]}<\/script>\n<!-- \/ Yoast SEO plugin. -->","yoast_head_json":{"title":"La storia di Mariah Carey inaugura le Olimpiadi invernali 2026","description":"Mariah Carey inaugura le Olimpiadi invernali di Milano-Cortina 2026: esibizione, significato artistico e dove seguire l\u2019evento.","robots":{"index":"index","follow":"follow","max-snippet":"max-snippet:-1","max-image-preview":"max-image-preview:large","max-video-preview":"max-video-preview:-1"},"canonical":"https:\/\/www.quigioco.it\/blog\/altri-sport\/mariah-carey-inaugura-le-olimpiadi-invernali-2026\/","og_locale":"it_IT","og_type":"article","og_title":"La storia di Mariah Carey inaugura le Olimpiadi invernali 2026","og_description":"Mariah Carey inaugura le Olimpiadi invernali di Milano-Cortina 2026: esibizione, significato artistico e dove seguire l\u2019evento.","og_url":"https:\/\/www.quigioco.it\/blog\/altri-sport\/mariah-carey-inaugura-le-olimpiadi-invernali-2026\/","og_site_name":"Quigioco","article_published_time":"2025-12-27T10:29:19+00:00","article_modified_time":"2026-01-14T09:51:31+00:00","og_image":[{"width":1024,"height":683,"url":"https:\/\/www.quigioco.it\/blog\/wp-content\/uploads\/2025\/12\/Mariah-Carey-inaugura-le-Olimpiadi-1024x683.png","type":"image\/png"}],"author":"Riccardo Rudi","twitter_card":"summary_large_image","twitter_misc":{"Scritto da":"Riccardo Rudi","Tempo di lettura stimato":"5 minuti"},"schema":{"@context":"https:\/\/schema.org","@graph":[{"@type":"Article","@id":"https:\/\/www.quigioco.it\/blog\/altri-sport\/mariah-carey-inaugura-le-olimpiadi-invernali-2026\/#article","isPartOf":{"@id":"https:\/\/www.quigioco.it\/blog\/altri-sport\/mariah-carey-inaugura-le-olimpiadi-invernali-2026\/"},"author":{"name":"Riccardo Rudi","@id":"https:\/\/www.quigioco.it\/blog\/#\/schema\/person\/25961932363461dc816aa1ae4145641e"},"headline":"Mariah Carey inaugura le Olimpiadi invernali 2026","datePublished":"2025-12-27T10:29:19+00:00","dateModified":"2026-01-14T09:51:31+00:00","mainEntityOfPage":{"@id":"https:\/\/www.quigioco.it\/blog\/altri-sport\/mariah-carey-inaugura-le-olimpiadi-invernali-2026\/"},"wordCount":1029,"publisher":{"@id":"https:\/\/www.quigioco.it\/blog\/#organization"},"image":{"@id":"https:\/\/www.quigioco.it\/blog\/altri-sport\/mariah-carey-inaugura-le-olimpiadi-invernali-2026\/#primaryimage"},"thumbnailUrl":"https:\/\/www.quigioco.it\/blog\/wp-content\/uploads\/2025\/12\/Mariah-Carey-inaugura-le-Olimpiadi.png","articleSection":["Altri Sport"],"inLanguage":"it-IT"},{"@type":"WebPage","@id":"https:\/\/www.quigioco.it\/blog\/altri-sport\/mariah-carey-inaugura-le-olimpiadi-invernali-2026\/","url":"https:\/\/www.quigioco.it\/blog\/altri-sport\/mariah-carey-inaugura-le-olimpiadi-invernali-2026\/","name":"La storia di Mariah Carey inaugura le Olimpiadi invernali 2026","isPartOf":{"@id":"https:\/\/www.quigioco.it\/blog\/#website"},"primaryImageOfPage":{"@id":"https:\/\/www.quigioco.it\/blog\/altri-sport\/mariah-carey-inaugura-le-olimpiadi-invernali-2026\/#primaryimage"},"image":{"@id":"https:\/\/www.quigioco.it\/blog\/altri-sport\/mariah-carey-inaugura-le-olimpiadi-invernali-2026\/#primaryimage"},"thumbnailUrl":"https:\/\/www.quigioco.it\/blog\/wp-content\/uploads\/2025\/12\/Mariah-Carey-inaugura-le-Olimpiadi.png","datePublished":"2025-12-27T10:29:19+00:00","dateModified":"2026-01-14T09:51:31+00:00","description":"Mariah Carey inaugura le Olimpiadi invernali di Milano-Cortina 2026: esibizione, significato artistico e dove seguire l\u2019evento.","breadcrumb":{"@id":"https:\/\/www.quigioco.it\/blog\/altri-sport\/mariah-carey-inaugura-le-olimpiadi-invernali-2026\/#breadcrumb"},"inLanguage":"it-IT","potentialAction":[{"@type":"ReadAction","target":["https:\/\/www.quigioco.it\/blog\/altri-sport\/mariah-carey-inaugura-le-olimpiadi-invernali-2026\/"]}]},{"@type":"ImageObject","inLanguage":"it-IT","@id":"https:\/\/www.quigioco.it\/blog\/altri-sport\/mariah-carey-inaugura-le-olimpiadi-invernali-2026\/#primaryimage","url":"https:\/\/www.quigioco.it\/blog\/wp-content\/uploads\/2025\/12\/Mariah-Carey-inaugura-le-Olimpiadi.png","contentUrl":"https:\/\/www.quigioco.it\/blog\/wp-content\/uploads\/2025\/12\/Mariah-Carey-inaugura-le-Olimpiadi.png","width":1536,"height":1024,"caption":"Mariah Carey inaugura le Olimpiadi invernali di Milano-Cortina 2026 con un\u2019esibizione scenografica nello stadio olimpico."},{"@type":"BreadcrumbList","@id":"https:\/\/www.quigioco.it\/blog\/altri-sport\/mariah-carey-inaugura-le-olimpiadi-invernali-2026\/#breadcrumb","itemListElement":[{"@type":"ListItem","position":1,"name":"Home","item":"https:\/\/www.quigioco.it\/blog\/"},{"@type":"ListItem","position":2,"name":"Altri Sport","item":"https:\/\/www.quigioco.it\/blog\/altri-sport\/"},{"@type":"ListItem","position":3,"name":"Mariah Carey inaugura le Olimpiadi invernali 2026"}]},{"@type":"WebSite","@id":"https:\/\/www.quigioco.it\/blog\/#website","url":"https:\/\/www.quigioco.it\/blog\/","name":"QUIGIOCO_BLOG","description":"","publisher":{"@id":"https:\/\/www.quigioco.it\/blog\/#organization"},"potentialAction":[{"@type":"SearchAction","target":{"@type":"EntryPoint","urlTemplate":"https:\/\/www.quigioco.it\/blog\/?s={search_term_string}"},"query-input":{"@type":"PropertyValueSpecification","valueRequired":true,"valueName":"search_term_string"}}],"inLanguage":"it-IT"},{"@type":"Organization","@id":"https:\/\/www.quigioco.it\/blog\/#organization","name":"Quigioco","url":"https:\/\/www.quigioco.it\/blog\/","logo":{"@type":"ImageObject","inLanguage":"it-IT","@id":"https:\/\/www.quigioco.it\/blog\/#\/schema\/logo\/image\/","url":"https:\/\/www.quigioco.it\/blog\/wp-content\/uploads\/2024\/06\/logo-quigioco-blog-1.webp","contentUrl":"https:\/\/www.quigioco.it\/blog\/wp-content\/uploads\/2024\/06\/logo-quigioco-blog-1.webp","width":750,"height":100,"caption":"Quigioco"},"image":{"@id":"https:\/\/www.quigioco.it\/blog\/#\/schema\/logo\/image\/"}},{"@type":"Person","@id":"https:\/\/www.quigioco.it\/blog\/#\/schema\/person\/25961932363461dc816aa1ae4145641e","name":"Riccardo Rudi","image":{"@type":"ImageObject","inLanguage":"it-IT","@id":"https:\/\/www.quigioco.it\/blog\/#\/schema\/person\/image\/","url":"https:\/\/secure.gravatar.com\/avatar\/866cb66eef1ba5270bbf99d8c398f57d3e7d639acd2680699c1f16f9332ad45e?s=96&d=mm&r=g","contentUrl":"https:\/\/secure.gravatar.com\/avatar\/866cb66eef1ba5270bbf99d8c398f57d3e7d639acd2680699c1f16f9332ad45e?s=96&d=mm&r=g","caption":"Riccardo Rudi"}}]}},"_links":{"self":[{"href":"https:\/\/www.quigioco.it\/blog\/wp-json\/wp\/v2\/posts\/6380","targetHints":{"allow":["GET"]}}],"collection":[{"href":"https:\/\/www.quigioco.it\/blog\/wp-json\/wp\/v2\/posts"}],"about":[{"href":"https:\/\/www.quigioco.it\/blog\/wp-json\/wp\/v2\/types\/post"}],"author":[{"embeddable":true,"href":"https:\/\/www.quigioco.it\/blog\/wp-json\/wp\/v2\/users\/7"}],"replies":[{"embeddable":true,"href":"https:\/\/www.quigioco.it\/blog\/wp-json\/wp\/v2\/comments?post=6380"}],"version-history":[{"count":1,"href":"https:\/\/www.quigioco.it\/blog\/wp-json\/wp\/v2\/posts\/6380\/revisions"}],"predecessor-version":[{"id":6391,"href":"https:\/\/www.quigioco.it\/blog\/wp-json\/wp\/v2\/posts\/6380\/revisions\/6391"}],"wp:featuredmedia":[{"embeddable":true,"href":"https:\/\/www.quigioco.it\/blog\/wp-json\/wp\/v2\/media\/6388"}],"wp:attachment":[{"href":"https:\/\/www.quigioco.it\/blog\/wp-json\/wp\/v2\/media?parent=6380"}],"wp:term":[{"taxonomy":"category","embeddable":true,"href":"https:\/\/www.quigioco.it\/blog\/wp-json\/wp\/v2\/categories?post=6380"},{"taxonomy":"post_tag","embeddable":true,"href":"https:\/\/www.quigioco.it\/blog\/wp-json\/wp\/v2\/tags?post=6380"}],"curies":[{"name":"wp","href":"https:\/\/api.w.org\/{rel}","templated":true}]}}