{"id":6362,"date":"2025-12-23T11:50:47","date_gmt":"2025-12-23T11:50:47","guid":{"rendered":"https:\/\/www.quigioco.it\/blog\/?p=6362"},"modified":"2026-01-14T09:51:24","modified_gmt":"2026-01-14T09:51:24","slug":"portabandiera-delle-olimpiadi-invernali-gli-italiani","status":"publish","type":"post","link":"https:\/\/www.quigioco.it\/blog\/altri-sport\/portabandiera-delle-olimpiadi-invernali-gli-italiani\/","title":{"rendered":"Portabandiera delle Olimpiadi Invernali: gli italiani"},"content":{"rendered":"<div class=\"flex max-w-full flex-col grow\">\n<div class=\"min-h-8 text-message relative flex w-full flex-col items-end gap-2 text-start break-words whitespace-normal [.text-message+&amp;]:mt-1\" dir=\"auto\" data-message-author-role=\"assistant\" data-message-id=\"65261757-a9b5-4c87-8819-1445386ff773\" data-message-model-slug=\"gpt-5-2\">\n<div class=\"flex w-full flex-col gap-1 empty:hidden first:pt-[1px]\">\n<div class=\"markdown prose dark:prose-invert w-full break-words light markdown-new-styling\">\n<p data-start=\"265\" data-end=\"797\">Manca sempre meno all\u2019inizio dei Giochi Olimpici Invernali di Milano-Cortina 2026, in programma dal 6 al 22 febbraio, un appuntamento storico che riporta l\u2019Italia al centro della scena olimpica a vent\u2019anni da Torino 2006. L\u2019evento non sar\u00e0 solo una celebrazione sportiva, ma anche un simbolo di unit\u00e0 nazionale, innovazione e tradizione. In questo contesto, la scelta dei <strong data-start=\"637\" data-end=\"680\">portabandiera delle Olimpiadi Invernali<\/strong> assume un valore ancora pi\u00f9 profondo, perch\u00e9 rappresenta l\u2019immagine dell\u2019intera spedizione azzurra davanti al mondo.<\/p>\n<p data-start=\"799\" data-end=\"1269\">Per la prima volta nella storia olimpica, la cerimonia d\u2019apertura si svolger\u00e0 in due sedi contemporaneamente: Milano e Cortina d\u2019Ampezzo. Proprio per questo motivo il CONI ha deciso di nominare quattro portabandiera, due per ciascuna sede, affidando il Tricolore ad atleti che incarnano eccellenza sportiva, leadership e valori olimpici. Arianna Fontana e Federico Pellegrino sfileranno a Milano, mentre Federica Brignone e Amos Mosaner porteranno la bandiera a Cortina.<\/p>\n<hr data-start=\"1271\" data-end=\"1274\" \/>\n<h2 data-start=\"1276\" data-end=\"1340\">Il ruolo dei portabandiera delle Olimpiadi Invernali italiane<\/h2>\n<p data-start=\"1342\" data-end=\"1834\">Essere portabandiera non significa solo aprire la sfilata della propria nazione: \u00e8 un riconoscimento che va oltre i risultati sportivi. <a href=\"https:\/\/www.quigioco.it\/scommesse\">Il <strong data-start=\"1481\" data-end=\"1524\">portabandiera delle Olimpiadi Invernali<\/strong> (qui su Quigioco) rappresenta la storia<\/a>, i sacrifici e le ambizioni di un intero movimento sportivo. Nel caso di Milano-Cortina 2026, questa scelta assume un significato ancora pi\u00f9 simbolico, perch\u00e9 riflette la pluralit\u00e0 dello sport italiano e la capacit\u00e0 del Paese di esprimere eccellenza in discipline molto diverse tra loro.<\/p>\n<p data-start=\"1836\" data-end=\"2255\">La decisione di affidare il Tricolore a quattro atleti nasce dalla struttura unica dei Giochi. Due cerimonie parallele permettono di raccontare due anime complementari: quella urbana e moderna di Milano e quella montana e tradizionale di Cortina. In questo modo, l\u2019Italia si presenta al mondo come una nazione capace di unire innovazione e radici, grandi citt\u00e0 e territori alpini, sport di massa e discipline emergenti.<\/p>\n<p data-start=\"2257\" data-end=\"2551\">Arianna Fontana e Federico Pellegrino rappresentano la velocit\u00e0, la resistenza e la continuit\u00e0 ad altissimo livello, mentre Federica Brignone e Amos Mosaner raccontano il legame con la montagna e l\u2019evoluzione di sport che negli ultimi anni hanno conquistato spazio e credibilit\u00e0 internazionale.<\/p>\n<hr data-start=\"2553\" data-end=\"2556\" \/>\n<h2 data-start=\"2558\" data-end=\"2607\">I portabandiera italiani a Milano-Cortina 2026<\/h2>\n<h3 data-start=\"2609\" data-end=\"2663\">Arianna Fontana, simbolo dello short track azzurro<\/h3>\n<p data-start=\"2665\" data-end=\"3112\">Arianna Fontana \u00e8 una delle atlete pi\u00f9 iconiche dello sport italiano. Nata a Sondalo nel 1989, \u00e8 diventata la sportiva italiana pi\u00f9 medagliata nella storia dei Giochi invernali, con un palmar\u00e8s che parla di longevit\u00e0, talento e straordinaria forza mentale. Lo short track \u00e8 una disciplina estrema, fatta di curve al limite e decisioni prese in frazioni di secondo, e Fontana ha dimostrato di saper reggere questa pressione per oltre quindici anni.<\/p>\n<p data-start=\"3114\" data-end=\"3455\">La sua carriera olimpica, iniziata giovanissima a Torino 2006, \u00e8 un esempio di continuit\u00e0 ad altissimo livello. La scelta del CONI di nominarla portabandiera \u00e8 un tributo a una campionessa che ha saputo rappresentare l\u2019Italia con determinazione, carattere e professionalit\u00e0, diventando un punto di riferimento anche per le nuove generazioni.<\/p>\n<h3 data-start=\"3457\" data-end=\"3508\">Federico Pellegrino, il volto del fondo moderno<\/h3>\n<p data-start=\"3510\" data-end=\"3806\">Accanto a Fontana, a Milano, ci sar\u00e0 Federico Pellegrino, nato in Valle d\u2019Aosta nel 1990 e considerato uno dei migliori fondisti italiani di sempre. Specialista delle gare sprint, Pellegrino ha rivoluzionato l\u2019immagine dello sci di fondo azzurro, portandolo stabilmente ai vertici internazionali.<\/p>\n<p data-start=\"3808\" data-end=\"4244\">Le sue medaglie olimpiche e i successi in Coppa del Mondo raccontano un atleta capace di competere alla pari con le grandi nazioni nordiche. Ma Pellegrino \u00e8 anche un simbolo di leadership: spesso capitano della squadra, \u00e8 apprezzato per la capacit\u00e0 di fare gruppo e di trasmettere valori di sacrificio e rispetto. Il suo ruolo nella cerimonia d\u2019apertura rappresenta perfettamente l\u2019evoluzione dello sport italiano negli sport invernali.<\/p>\n<h3 data-start=\"4246\" data-end=\"4335\">Federica Brignone e Amos Mosaner, i portabandiera delle Olimpiadi Invernali a Cortina<\/h3>\n<p data-start=\"4337\" data-end=\"4861\">A Cortina d\u2019Ampezzo, cuore delle competizioni alpine, il Tricolore sar\u00e0 affidato a Federica Brignone e Amos Mosaner. Brignone, nata a Milano nel 1989, \u00e8 una delle pi\u00f9 grandi sciatrici italiane di sempre. Vincitrice della Coppa del Mondo generale e protagonista costante ai massimi livelli, ha dimostrato una straordinaria resilienza superando anche infortuni importanti. La sua nomina come <strong data-start=\"4727\" data-end=\"4770\">portabandiera delle Olimpiadi Invernali<\/strong> \u00e8 un riconoscimento a una carriera fatta di talento, sacrifici e capacit\u00e0 di reinventarsi.<\/p>\n<p data-start=\"4863\" data-end=\"5287\">Accanto a lei ci sar\u00e0 Amos Mosaner, classe 1995, protagonista della storica medaglia d\u2019oro nel doppio misto di curling a Pechino 2022. Quel successo ha cambiato la percezione del curling in Italia, portando alla ribalta uno sport basato su strategia, precisione e gioco di squadra. Mosaner incarna l\u2019idea di innovazione e apertura verso discipline meno tradizionali, ma sempre pi\u00f9 importanti nel panorama olimpico nazionale.<\/p>\n<p data-start=\"5294\" data-end=\"5603\" data-is-last-node=\"\" data-is-only-node=\"\">Nel complesso, la scelta dei portabandiera per Milano-Cortina 2026 racconta un\u2019Italia sportiva matura, inclusiva e ambiziosa. Quattro atleti, quattro storie diverse, un unico messaggio: lo sport italiano \u00e8 pronto a vivere da protagonista un\u2019Olimpiade che guarda al futuro senza dimenticare il proprio passato.<\/p>\n<div class=\"flex flex-col text-sm pb-25\">\n<article class=\"text-token-text-primary w-full focus:outline-none [--shadow-height:45px] has-data-writing-block:pointer-events-none has-data-writing-block:-mt-(--shadow-height) has-data-writing-block:pt-(--shadow-height) [&amp;:has([data-writing-block])&gt;*]:pointer-events-auto scroll-mt-[calc(var(--header-height)+min(200px,max(70px,20svh)))]\" dir=\"auto\" data-turn-id=\"91239fda-4f5a-45d2-a2f2-f6b225fd41a5\" data-testid=\"conversation-turn-4\" data-scroll-anchor=\"true\" data-turn=\"assistant\">\n<div class=\"text-base my-auto mx-auto pb-10 [--thread-content-margin:--spacing(4)] @w-sm\/main:[--thread-content-margin:--spacing(6)] @w-lg\/main:[--thread-content-margin:--spacing(16)] px-(--thread-content-margin)\">\n<div class=\"[--thread-content-max-width:40rem] @w-lg\/main:[--thread-content-max-width:48rem] mx-auto max-w-(--thread-content-max-width) flex-1 group\/turn-messages focus-visible:outline-hidden relative flex w-full min-w-0 flex-col agent-turn\">\n<div class=\"flex max-w-full flex-col grow\">\n<div class=\"min-h-8 text-message relative flex w-full flex-col items-end gap-2 text-start break-words whitespace-normal [.text-message+&amp;]:mt-1\" dir=\"auto\" data-message-author-role=\"assistant\" data-message-id=\"aeea0333-bc42-4cd1-bf55-2af8d1ea818d\" data-message-model-slug=\"gpt-5-2-thinking\">\n<div class=\"flex w-full flex-col gap-1 empty:hidden first:pt-[1px]\">\n<div class=\"markdown prose dark:prose-invert w-full break-words light markdown-new-styling\">\n<p data-start=\"0\" data-end=\"362\" data-is-last-node=\"\" data-is-only-node=\"\">In definitiva, questa scelta a quattro voci rende la spedizione azzurra ancora pi\u00f9 riconoscibile: <strong data-start=\"98\" data-end=\"112\">esperienza<\/strong>, <strong data-start=\"114\" data-end=\"125\">talento<\/strong> e <strong data-start=\"128\" data-end=\"150\">spirito di squadra<\/strong>. Dai ghiacci dello short track alle piste del fondo, fino alle discese di Cortina e alle traiettorie del curling, ogni portabandiera racconta un\u2019Italia che vuole emozionare e ispirare, dentro e fuori dalle gare.<\/p>\n<\/div>\n<\/div>\n<\/div>\n<\/div>\n<\/div>\n<\/div>\n<\/article>\n<\/div>\n<\/div>\n<\/div>\n<\/div>\n<\/div>\n<div class=\"z-0 flex min-h-[46px] justify-start\"><\/div>\n<div class=\"mt-3 w-full empty:hidden\">\n<div class=\"text-center\">\n<div>\n<div class=\"inline-flex border border-gray-100 dark:border-gray-700 rounded-xl\">\n<div class=\"text-token-text-secondary flex items-center justify-center gap-4 px-4 py-2.5 text-sm whitespace-nowrap\"><\/div>\n<\/div>\n<\/div>\n<\/div>\n<\/div>\n","protected":false},"excerpt":{"rendered":"<p>Manca sempre meno all\u2019inizio dei Giochi Olimpici Invernali di Milano-Cortina 2026, in programma dal 6 al 22 febbraio, un appuntamento storico che riporta l\u2019Italia al centro della scena olimpica a&#8230;<\/p>\n","protected":false},"author":7,"featured_media":6363,"comment_status":"closed","ping_status":"open","sticky":false,"template":"","format":"standard","meta":{"inline_featured_image":false,"footnotes":""},"categories":[118],"tags":[],"class_list":{"0":"post-6362","1":"post","2":"type-post","3":"status-publish","4":"format-standard","5":"has-post-thumbnail","7":"category-altri-sport"},"yoast_head":"<!-- This site is optimized with the Yoast SEO plugin v26.7 - https:\/\/yoast.com\/wordpress\/plugins\/seo\/ -->\n<title>Ecco Portabandiera delle Olimpiadi Invernali: gli italiani<\/title>\n<meta name=\"description\" content=\"Chi sono i portabandiera delle Olimpiadi Invernali italiani a Milano-Cortina 2026: storie, simboli e atleti scelti dal CONI.\" \/>\n<meta name=\"robots\" content=\"index, follow, max-snippet:-1, max-image-preview:large, max-video-preview:-1\" \/>\n<link rel=\"canonical\" href=\"https:\/\/www.quigioco.it\/blog\/altri-sport\/portabandiera-delle-olimpiadi-invernali-gli-italiani\/\" \/>\n<meta property=\"og:locale\" content=\"it_IT\" \/>\n<meta property=\"og:type\" content=\"article\" \/>\n<meta property=\"og:title\" content=\"Ecco Portabandiera delle Olimpiadi Invernali: gli italiani\" \/>\n<meta property=\"og:description\" content=\"Chi sono i portabandiera delle Olimpiadi Invernali italiani a Milano-Cortina 2026: storie, simboli e atleti scelti dal CONI.\" \/>\n<meta property=\"og:url\" content=\"https:\/\/www.quigioco.it\/blog\/altri-sport\/portabandiera-delle-olimpiadi-invernali-gli-italiani\/\" \/>\n<meta property=\"og:site_name\" content=\"Quigioco\" \/>\n<meta property=\"article:published_time\" content=\"2025-12-23T11:50:47+00:00\" \/>\n<meta property=\"article:modified_time\" content=\"2026-01-14T09:51:24+00:00\" \/>\n<meta property=\"og:image\" content=\"https:\/\/www.quigioco.it\/blog\/wp-content\/uploads\/2025\/12\/Portabandiera-delle-Olimpiadi-Invernali-1024x683.png\" \/>\n\t<meta property=\"og:image:width\" content=\"1024\" \/>\n\t<meta property=\"og:image:height\" content=\"683\" \/>\n\t<meta property=\"og:image:type\" content=\"image\/png\" \/>\n<meta name=\"author\" content=\"Riccardo Rudi\" \/>\n<meta name=\"twitter:card\" content=\"summary_large_image\" \/>\n<meta name=\"twitter:label1\" content=\"Scritto da\" \/>\n\t<meta name=\"twitter:data1\" content=\"Riccardo Rudi\" \/>\n\t<meta name=\"twitter:label2\" content=\"Tempo di lettura stimato\" \/>\n\t<meta name=\"twitter:data2\" content=\"4 minuti\" \/>\n<script type=\"application\/ld+json\" class=\"yoast-schema-graph\">{\"@context\":\"https:\/\/schema.org\",\"@graph\":[{\"@type\":\"Article\",\"@id\":\"https:\/\/www.quigioco.it\/blog\/altri-sport\/portabandiera-delle-olimpiadi-invernali-gli-italiani\/#article\",\"isPartOf\":{\"@id\":\"https:\/\/www.quigioco.it\/blog\/altri-sport\/portabandiera-delle-olimpiadi-invernali-gli-italiani\/\"},\"author\":{\"name\":\"Riccardo Rudi\",\"@id\":\"https:\/\/www.quigioco.it\/blog\/#\/schema\/person\/25961932363461dc816aa1ae4145641e\"},\"headline\":\"Portabandiera delle Olimpiadi Invernali: gli italiani\",\"datePublished\":\"2025-12-23T11:50:47+00:00\",\"dateModified\":\"2026-01-14T09:51:24+00:00\",\"mainEntityOfPage\":{\"@id\":\"https:\/\/www.quigioco.it\/blog\/altri-sport\/portabandiera-delle-olimpiadi-invernali-gli-italiani\/\"},\"wordCount\":836,\"publisher\":{\"@id\":\"https:\/\/www.quigioco.it\/blog\/#organization\"},\"image\":{\"@id\":\"https:\/\/www.quigioco.it\/blog\/altri-sport\/portabandiera-delle-olimpiadi-invernali-gli-italiani\/#primaryimage\"},\"thumbnailUrl\":\"https:\/\/www.quigioco.it\/blog\/wp-content\/uploads\/2025\/12\/Portabandiera-delle-Olimpiadi-Invernali.png\",\"articleSection\":[\"Altri Sport\"],\"inLanguage\":\"it-IT\"},{\"@type\":\"WebPage\",\"@id\":\"https:\/\/www.quigioco.it\/blog\/altri-sport\/portabandiera-delle-olimpiadi-invernali-gli-italiani\/\",\"url\":\"https:\/\/www.quigioco.it\/blog\/altri-sport\/portabandiera-delle-olimpiadi-invernali-gli-italiani\/\",\"name\":\"Ecco Portabandiera delle Olimpiadi Invernali: gli italiani\",\"isPartOf\":{\"@id\":\"https:\/\/www.quigioco.it\/blog\/#website\"},\"primaryImageOfPage\":{\"@id\":\"https:\/\/www.quigioco.it\/blog\/altri-sport\/portabandiera-delle-olimpiadi-invernali-gli-italiani\/#primaryimage\"},\"image\":{\"@id\":\"https:\/\/www.quigioco.it\/blog\/altri-sport\/portabandiera-delle-olimpiadi-invernali-gli-italiani\/#primaryimage\"},\"thumbnailUrl\":\"https:\/\/www.quigioco.it\/blog\/wp-content\/uploads\/2025\/12\/Portabandiera-delle-Olimpiadi-Invernali.png\",\"datePublished\":\"2025-12-23T11:50:47+00:00\",\"dateModified\":\"2026-01-14T09:51:24+00:00\",\"description\":\"Chi sono i portabandiera delle Olimpiadi Invernali italiani a Milano-Cortina 2026: storie, simboli e atleti scelti dal CONI.\",\"breadcrumb\":{\"@id\":\"https:\/\/www.quigioco.it\/blog\/altri-sport\/portabandiera-delle-olimpiadi-invernali-gli-italiani\/#breadcrumb\"},\"inLanguage\":\"it-IT\",\"potentialAction\":[{\"@type\":\"ReadAction\",\"target\":[\"https:\/\/www.quigioco.it\/blog\/altri-sport\/portabandiera-delle-olimpiadi-invernali-gli-italiani\/\"]}]},{\"@type\":\"ImageObject\",\"inLanguage\":\"it-IT\",\"@id\":\"https:\/\/www.quigioco.it\/blog\/altri-sport\/portabandiera-delle-olimpiadi-invernali-gli-italiani\/#primaryimage\",\"url\":\"https:\/\/www.quigioco.it\/blog\/wp-content\/uploads\/2025\/12\/Portabandiera-delle-Olimpiadi-Invernali.png\",\"contentUrl\":\"https:\/\/www.quigioco.it\/blog\/wp-content\/uploads\/2025\/12\/Portabandiera-delle-Olimpiadi-Invernali.png\",\"width\":1536,\"height\":1024,\"caption\":\"I portabandiera delle Olimpiadi Invernali rappresentano l\u2019orgoglio, i valori e l\u2019eccellenza dello sport italiano sul palcoscenico mondiale.\"},{\"@type\":\"BreadcrumbList\",\"@id\":\"https:\/\/www.quigioco.it\/blog\/altri-sport\/portabandiera-delle-olimpiadi-invernali-gli-italiani\/#breadcrumb\",\"itemListElement\":[{\"@type\":\"ListItem\",\"position\":1,\"name\":\"Home\",\"item\":\"https:\/\/www.quigioco.it\/blog\/\"},{\"@type\":\"ListItem\",\"position\":2,\"name\":\"Altri Sport\",\"item\":\"https:\/\/www.quigioco.it\/blog\/altri-sport\/\"},{\"@type\":\"ListItem\",\"position\":3,\"name\":\"Portabandiera delle Olimpiadi Invernali: gli italiani\"}]},{\"@type\":\"WebSite\",\"@id\":\"https:\/\/www.quigioco.it\/blog\/#website\",\"url\":\"https:\/\/www.quigioco.it\/blog\/\",\"name\":\"QUIGIOCO_BLOG\",\"description\":\"\",\"publisher\":{\"@id\":\"https:\/\/www.quigioco.it\/blog\/#organization\"},\"potentialAction\":[{\"@type\":\"SearchAction\",\"target\":{\"@type\":\"EntryPoint\",\"urlTemplate\":\"https:\/\/www.quigioco.it\/blog\/?s={search_term_string}\"},\"query-input\":{\"@type\":\"PropertyValueSpecification\",\"valueRequired\":true,\"valueName\":\"search_term_string\"}}],\"inLanguage\":\"it-IT\"},{\"@type\":\"Organization\",\"@id\":\"https:\/\/www.quigioco.it\/blog\/#organization\",\"name\":\"Quigioco\",\"url\":\"https:\/\/www.quigioco.it\/blog\/\",\"logo\":{\"@type\":\"ImageObject\",\"inLanguage\":\"it-IT\",\"@id\":\"https:\/\/www.quigioco.it\/blog\/#\/schema\/logo\/image\/\",\"url\":\"https:\/\/www.quigioco.it\/blog\/wp-content\/uploads\/2024\/06\/logo-quigioco-blog-1.webp\",\"contentUrl\":\"https:\/\/www.quigioco.it\/blog\/wp-content\/uploads\/2024\/06\/logo-quigioco-blog-1.webp\",\"width\":750,\"height\":100,\"caption\":\"Quigioco\"},\"image\":{\"@id\":\"https:\/\/www.quigioco.it\/blog\/#\/schema\/logo\/image\/\"}},{\"@type\":\"Person\",\"@id\":\"https:\/\/www.quigioco.it\/blog\/#\/schema\/person\/25961932363461dc816aa1ae4145641e\",\"name\":\"Riccardo Rudi\",\"image\":{\"@type\":\"ImageObject\",\"inLanguage\":\"it-IT\",\"@id\":\"https:\/\/www.quigioco.it\/blog\/#\/schema\/person\/image\/\",\"url\":\"https:\/\/secure.gravatar.com\/avatar\/866cb66eef1ba5270bbf99d8c398f57d3e7d639acd2680699c1f16f9332ad45e?s=96&d=mm&r=g\",\"contentUrl\":\"https:\/\/secure.gravatar.com\/avatar\/866cb66eef1ba5270bbf99d8c398f57d3e7d639acd2680699c1f16f9332ad45e?s=96&d=mm&r=g\",\"caption\":\"Riccardo Rudi\"}}]}<\/script>\n<!-- \/ Yoast SEO plugin. -->","yoast_head_json":{"title":"Ecco Portabandiera delle Olimpiadi Invernali: gli italiani","description":"Chi sono i portabandiera delle Olimpiadi Invernali italiani a Milano-Cortina 2026: storie, simboli e atleti scelti dal CONI.","robots":{"index":"index","follow":"follow","max-snippet":"max-snippet:-1","max-image-preview":"max-image-preview:large","max-video-preview":"max-video-preview:-1"},"canonical":"https:\/\/www.quigioco.it\/blog\/altri-sport\/portabandiera-delle-olimpiadi-invernali-gli-italiani\/","og_locale":"it_IT","og_type":"article","og_title":"Ecco Portabandiera delle Olimpiadi Invernali: gli italiani","og_description":"Chi sono i portabandiera delle Olimpiadi Invernali italiani a Milano-Cortina 2026: storie, simboli e atleti scelti dal CONI.","og_url":"https:\/\/www.quigioco.it\/blog\/altri-sport\/portabandiera-delle-olimpiadi-invernali-gli-italiani\/","og_site_name":"Quigioco","article_published_time":"2025-12-23T11:50:47+00:00","article_modified_time":"2026-01-14T09:51:24+00:00","og_image":[{"width":1024,"height":683,"url":"https:\/\/www.quigioco.it\/blog\/wp-content\/uploads\/2025\/12\/Portabandiera-delle-Olimpiadi-Invernali-1024x683.png","type":"image\/png"}],"author":"Riccardo Rudi","twitter_card":"summary_large_image","twitter_misc":{"Scritto da":"Riccardo Rudi","Tempo di lettura stimato":"4 minuti"},"schema":{"@context":"https:\/\/schema.org","@graph":[{"@type":"Article","@id":"https:\/\/www.quigioco.it\/blog\/altri-sport\/portabandiera-delle-olimpiadi-invernali-gli-italiani\/#article","isPartOf":{"@id":"https:\/\/www.quigioco.it\/blog\/altri-sport\/portabandiera-delle-olimpiadi-invernali-gli-italiani\/"},"author":{"name":"Riccardo Rudi","@id":"https:\/\/www.quigioco.it\/blog\/#\/schema\/person\/25961932363461dc816aa1ae4145641e"},"headline":"Portabandiera delle Olimpiadi Invernali: gli italiani","datePublished":"2025-12-23T11:50:47+00:00","dateModified":"2026-01-14T09:51:24+00:00","mainEntityOfPage":{"@id":"https:\/\/www.quigioco.it\/blog\/altri-sport\/portabandiera-delle-olimpiadi-invernali-gli-italiani\/"},"wordCount":836,"publisher":{"@id":"https:\/\/www.quigioco.it\/blog\/#organization"},"image":{"@id":"https:\/\/www.quigioco.it\/blog\/altri-sport\/portabandiera-delle-olimpiadi-invernali-gli-italiani\/#primaryimage"},"thumbnailUrl":"https:\/\/www.quigioco.it\/blog\/wp-content\/uploads\/2025\/12\/Portabandiera-delle-Olimpiadi-Invernali.png","articleSection":["Altri Sport"],"inLanguage":"it-IT"},{"@type":"WebPage","@id":"https:\/\/www.quigioco.it\/blog\/altri-sport\/portabandiera-delle-olimpiadi-invernali-gli-italiani\/","url":"https:\/\/www.quigioco.it\/blog\/altri-sport\/portabandiera-delle-olimpiadi-invernali-gli-italiani\/","name":"Ecco Portabandiera delle Olimpiadi Invernali: gli italiani","isPartOf":{"@id":"https:\/\/www.quigioco.it\/blog\/#website"},"primaryImageOfPage":{"@id":"https:\/\/www.quigioco.it\/blog\/altri-sport\/portabandiera-delle-olimpiadi-invernali-gli-italiani\/#primaryimage"},"image":{"@id":"https:\/\/www.quigioco.it\/blog\/altri-sport\/portabandiera-delle-olimpiadi-invernali-gli-italiani\/#primaryimage"},"thumbnailUrl":"https:\/\/www.quigioco.it\/blog\/wp-content\/uploads\/2025\/12\/Portabandiera-delle-Olimpiadi-Invernali.png","datePublished":"2025-12-23T11:50:47+00:00","dateModified":"2026-01-14T09:51:24+00:00","description":"Chi sono i portabandiera delle Olimpiadi Invernali italiani a Milano-Cortina 2026: storie, simboli e atleti scelti dal CONI.","breadcrumb":{"@id":"https:\/\/www.quigioco.it\/blog\/altri-sport\/portabandiera-delle-olimpiadi-invernali-gli-italiani\/#breadcrumb"},"inLanguage":"it-IT","potentialAction":[{"@type":"ReadAction","target":["https:\/\/www.quigioco.it\/blog\/altri-sport\/portabandiera-delle-olimpiadi-invernali-gli-italiani\/"]}]},{"@type":"ImageObject","inLanguage":"it-IT","@id":"https:\/\/www.quigioco.it\/blog\/altri-sport\/portabandiera-delle-olimpiadi-invernali-gli-italiani\/#primaryimage","url":"https:\/\/www.quigioco.it\/blog\/wp-content\/uploads\/2025\/12\/Portabandiera-delle-Olimpiadi-Invernali.png","contentUrl":"https:\/\/www.quigioco.it\/blog\/wp-content\/uploads\/2025\/12\/Portabandiera-delle-Olimpiadi-Invernali.png","width":1536,"height":1024,"caption":"I portabandiera delle Olimpiadi Invernali rappresentano l\u2019orgoglio, i valori e l\u2019eccellenza dello sport italiano sul palcoscenico mondiale."},{"@type":"BreadcrumbList","@id":"https:\/\/www.quigioco.it\/blog\/altri-sport\/portabandiera-delle-olimpiadi-invernali-gli-italiani\/#breadcrumb","itemListElement":[{"@type":"ListItem","position":1,"name":"Home","item":"https:\/\/www.quigioco.it\/blog\/"},{"@type":"ListItem","position":2,"name":"Altri Sport","item":"https:\/\/www.quigioco.it\/blog\/altri-sport\/"},{"@type":"ListItem","position":3,"name":"Portabandiera delle Olimpiadi Invernali: gli italiani"}]},{"@type":"WebSite","@id":"https:\/\/www.quigioco.it\/blog\/#website","url":"https:\/\/www.quigioco.it\/blog\/","name":"QUIGIOCO_BLOG","description":"","publisher":{"@id":"https:\/\/www.quigioco.it\/blog\/#organization"},"potentialAction":[{"@type":"SearchAction","target":{"@type":"EntryPoint","urlTemplate":"https:\/\/www.quigioco.it\/blog\/?s={search_term_string}"},"query-input":{"@type":"PropertyValueSpecification","valueRequired":true,"valueName":"search_term_string"}}],"inLanguage":"it-IT"},{"@type":"Organization","@id":"https:\/\/www.quigioco.it\/blog\/#organization","name":"Quigioco","url":"https:\/\/www.quigioco.it\/blog\/","logo":{"@type":"ImageObject","inLanguage":"it-IT","@id":"https:\/\/www.quigioco.it\/blog\/#\/schema\/logo\/image\/","url":"https:\/\/www.quigioco.it\/blog\/wp-content\/uploads\/2024\/06\/logo-quigioco-blog-1.webp","contentUrl":"https:\/\/www.quigioco.it\/blog\/wp-content\/uploads\/2024\/06\/logo-quigioco-blog-1.webp","width":750,"height":100,"caption":"Quigioco"},"image":{"@id":"https:\/\/www.quigioco.it\/blog\/#\/schema\/logo\/image\/"}},{"@type":"Person","@id":"https:\/\/www.quigioco.it\/blog\/#\/schema\/person\/25961932363461dc816aa1ae4145641e","name":"Riccardo Rudi","image":{"@type":"ImageObject","inLanguage":"it-IT","@id":"https:\/\/www.quigioco.it\/blog\/#\/schema\/person\/image\/","url":"https:\/\/secure.gravatar.com\/avatar\/866cb66eef1ba5270bbf99d8c398f57d3e7d639acd2680699c1f16f9332ad45e?s=96&d=mm&r=g","contentUrl":"https:\/\/secure.gravatar.com\/avatar\/866cb66eef1ba5270bbf99d8c398f57d3e7d639acd2680699c1f16f9332ad45e?s=96&d=mm&r=g","caption":"Riccardo Rudi"}}]}},"_links":{"self":[{"href":"https:\/\/www.quigioco.it\/blog\/wp-json\/wp\/v2\/posts\/6362","targetHints":{"allow":["GET"]}}],"collection":[{"href":"https:\/\/www.quigioco.it\/blog\/wp-json\/wp\/v2\/posts"}],"about":[{"href":"https:\/\/www.quigioco.it\/blog\/wp-json\/wp\/v2\/types\/post"}],"author":[{"embeddable":true,"href":"https:\/\/www.quigioco.it\/blog\/wp-json\/wp\/v2\/users\/7"}],"replies":[{"embeddable":true,"href":"https:\/\/www.quigioco.it\/blog\/wp-json\/wp\/v2\/comments?post=6362"}],"version-history":[{"count":1,"href":"https:\/\/www.quigioco.it\/blog\/wp-json\/wp\/v2\/posts\/6362\/revisions"}],"predecessor-version":[{"id":6364,"href":"https:\/\/www.quigioco.it\/blog\/wp-json\/wp\/v2\/posts\/6362\/revisions\/6364"}],"wp:featuredmedia":[{"embeddable":true,"href":"https:\/\/www.quigioco.it\/blog\/wp-json\/wp\/v2\/media\/6363"}],"wp:attachment":[{"href":"https:\/\/www.quigioco.it\/blog\/wp-json\/wp\/v2\/media?parent=6362"}],"wp:term":[{"taxonomy":"category","embeddable":true,"href":"https:\/\/www.quigioco.it\/blog\/wp-json\/wp\/v2\/categories?post=6362"},{"taxonomy":"post_tag","embeddable":true,"href":"https:\/\/www.quigioco.it\/blog\/wp-json\/wp\/v2\/tags?post=6362"}],"curies":[{"name":"wp","href":"https:\/\/api.w.org\/{rel}","templated":true}]}}